{"id":66239,"date":"2025-04-25T12:23:14","date_gmt":"2025-04-25T18:23:14","guid":{"rendered":"https:\/\/encuentroinformativo.com.mx\/?p=66239"},"modified":"2025-04-25T12:23:14","modified_gmt":"2025-04-25T18:23:14","slug":"aprobo-ine-listado-nominal-para-jornada-electoral-del-1-de-junio","status":"publish","type":"post","link":"https:\/\/encuentroinformativo.com.mx\/?p=66239","title":{"rendered":"Aprob\u00f3 INE listado nominal para jornada electoral del 1 de junio"},"content":{"rendered":"<p><strong>Dar\u00edo Pale<\/strong><\/p>\n<p>Xalapa, Ver.- Josu\u00e9 Cervantes Mart\u00ednez, vocal ejecutivo de la Junta Local del INE en el estado de Veracruz dio a conocer que, el consejo general aprob\u00f3 el listado nominal para la elecci\u00f3n del poder judicial de la Federaci\u00f3n y est\u00e1 por aprobar el que se utilizar\u00e1 para las elecciones municipales.<\/p>\n<p>En entrevista dio a conocer que el Consejo General del INE acaba de aprobar lo que ser\u00e1 el listado nominal para la elecci\u00f3n del Poder Judicial de la Federaci\u00f3n y est\u00e1 por aprobar el listado que se utilizar\u00e1 para elecci\u00f3n de ayuntamientos y ya con ello estaran en condiciones de imprimir los listados nominales.<\/p>\n<p>Dijo que tambi\u00e9n est\u00e1n visitando a la ciudadan\u00eda que fue designada funcionaria de casilla, ya sea para ayuntamientos o para el Poder Judicial, para notificarle su designaci\u00f3n, darles un curso de capacitaci\u00f3n m\u00e1s amplio de las actividades que tienen que llevar a cabo y particularmente el Poder Judicial.<\/p>\n<p>\u201cPues c\u00f3mo es el procedimiento con esta modalidad que se diferencia un poco de la de ayuntamientos, identificar las boletas, c\u00f3mo son, en fin, y para ello tambi\u00e9n haremos algunos simulacros con esta ciudadan\u00eda pues para que tengan todos los conocimientos para poder llevar a cabo muy bien la jornada electoral\u201d, se\u00f1al\u00f3.<\/p>\n<p>Dio a conocer que todas las actividades que est\u00e1 realizando el INE son paralelas dentro de la preparaci\u00f3n de la jornada electoral por lo que insisti\u00f3 que la ciudadan\u00eda para que est\u00e9 lista para que el domingo primero de junio y que prepare su credencial para votar y que se disponga ese dia para cumplir con esa obligaci\u00f3n.<\/p>\n<p>\u201cHay una figura que se denomina voto anticipado, que, como su nombre lo dice, implica que hay personas que en ciertas circunstancias van a votar antes que lo vamos a hacer el resto de la ciudadan\u00eda, o sea, estas personas no van a votar el d\u00eda primero de junio, sino que van a votar entre el 14 y el 21 de mayo\u201d, coment\u00f3.<\/p>\n<p>\u201cTal es el caso de las personas que est\u00e1n en prisi\u00f3n preventiva, que por su condici\u00f3n de no poder acudir a la casilla, pues vamos a ir a recabarle su voto, aunque solamente van a poder votar, en este caso, en esta ocasi\u00f3n, solo para ayuntamientos, es la \u00fanica elecci\u00f3n en la que van a poder votar las personas que est\u00e1n en prisi\u00f3n preventiva, y hay otro bloque de personas que son personas que est\u00e1n en alguna situaci\u00f3n de postraci\u00f3n, que por su edad avanzada, por su estado de salud, en un primer momento, desde 2018 y a la fecha, pues ya han estado pidiendo al INE que vayamos a su domicilio a tramitarle su credencial para votar, en funci\u00f3n, insisto, de que no pueden ir al m\u00f3dulo\u201d, agreg\u00f3.<\/p>\n<p>Finalmente se\u00f1al\u00f3 que el voto anticipado lo van a resguardar en secrec\u00eda, pero lo va a contar la ciudadan\u00eda el d\u00eda de la jornada, en el momento electoral, van a integrar una mesa de escrutinio y c\u00f3mputo, se va a instalar a las 5 de la tarde, le van a entregar esos votos y van a proceder a hacer los c\u00f3mputos para que sea, como en todas las ocasiones, pues ser\u00e1 la ciudadan\u00eda la que lleve a cabo este ejercicio.<\/p>\n","protected":false},"excerpt":{"rendered":"<p>Dar\u00edo Pale Xalapa, Ver.- Josu\u00e9 Cervantes Mart\u00ednez, vocal ejecutivo de la Junta Local del INE en el estado de Veracruz dio a conocer que, el consejo general aprob\u00f3 el listado nominal para la elecci\u00f3n del poder judicial de la Federaci\u00f3n y est\u00e1 por aprobar el que se utilizar\u00e1 para las elecciones municipales. En entrevista dio [&hellip;]<\/p>\n","protected":false},"author":2476,"featured_media":66240,"comment_status":"open","ping_status":"open","sticky":false,"template":"","format":"standard","meta":{"_jetpack_memberships_contains_paid_content":false,"footnotes":""},"categories":[2],"tags":[],"class_list":["post-66239","post","type-post","status-publish","format-standard","has-post-thumbnail","hentry","category-estado"],"jetpack_featured_media_url":"https:\/\/encuentroinformativo.com.mx\/wp-content\/uploads\/2025\/04\/IMG-20250424-WA0315.jpg","jetpack_sharing_enabled":true,"jetpack_likes_enabled":true,"amp_enabled":true,"_links":{"self":[{"href":"https:\/\/encuentroinformativo.com.mx\/index.php?rest_route=\/wp\/v2\/posts\/66239","targetHints":{"allow":["GET"]}}],"collection":[{"href":"https:\/\/encuentroinformativo.com.mx\/index.php?rest_route=\/wp\/v2\/posts"}],"about":[{"href":"https:\/\/encuentroinformativo.com.mx\/index.php?rest_route=\/wp\/v2\/types\/post"}],"author":[{"embeddable":true,"href":"https:\/\/encuentroinformativo.com.mx\/index.php?rest_route=\/wp\/v2\/users\/2476"}],"replies":[{"embeddable":true,"href":"https:\/\/encuentroinformativo.com.mx\/index.php?rest_route=%2Fwp%2Fv2%2Fcomments&post=66239"}],"version-history":[{"count":1,"href":"https:\/\/encuentroinformativo.com.mx\/index.php?rest_route=\/wp\/v2\/posts\/66239\/revisions"}],"predecessor-version":[{"id":66241,"href":"https:\/\/encuentroinformativo.com.mx\/index.php?rest_route=\/wp\/v2\/posts\/66239\/revisions\/66241"}],"wp:featuredmedia":[{"embeddable":true,"href":"https:\/\/encuentroinformativo.com.mx\/index.php?rest_route=\/wp\/v2\/media\/66240"}],"wp:attachment":[{"href":"https:\/\/encuentroinformativo.com.mx\/index.php?rest_route=%2Fwp%2Fv2%2Fmedia&parent=66239"}],"wp:term":[{"taxonomy":"category","embeddable":true,"href":"https:\/\/encuentroinformativo.com.mx\/index.php?rest_route=%2Fwp%2Fv2%2Fcategories&post=66239"},{"taxonomy":"post_tag","embeddable":true,"href":"https:\/\/encuentroinformativo.com.mx\/index.php?rest_route=%2Fwp%2Fv2%2Ftags&post=66239"}],"curies":[{"name":"wp","href":"https:\/\/api.w.org\/{rel}","templated":true}]}}