{"id":66245,"date":"2025-04-25T12:51:50","date_gmt":"2025-04-25T18:51:50","guid":{"rendered":"https:\/\/encuentroinformativo.com.mx\/?p=66245"},"modified":"2025-04-25T12:51:50","modified_gmt":"2025-04-25T18:51:50","slug":"analizan-espacios-para-ampliacion-del-puerto-de-tuxpan","status":"publish","type":"post","link":"https:\/\/encuentroinformativo.com.mx\/?p=66245","title":{"rendered":"Analizan espacios para ampliaci\u00f3n del puerto de Tuxpan"},"content":{"rendered":"<p><strong>Dar\u00edo Pale<\/strong><\/p>\n<p>Xalapa, Ver.- La gobernadora Norma Roc\u00edo Nahle Garc\u00eda dio a conocer que van a realizar un sobrevuelo sobre dos sitios uno ser\u00e1 donde se pueda ampliar el puerto y otro sobre donde se puede construir un parque industrial.<\/p>\n<p>En entrevista se\u00f1al\u00f3 que, \u201choy tengo un sobrevuelo, est\u00e1 llegando ahorita el secretario de Marina, el almirante Pedro Morales, para ver dos posibles polos de desarrollo en Tuxpan, esto a ra\u00edz de que nuestra presidenta Claudia Sheinbaum, el pasado martes, que estuvo, lunes martes, que estuvo en Veracruz, hablamos sobre el crecimiento de polos de desarrollo industriales ac\u00e1 en Tuxpan\u201d.<\/p>\n<p>Coment\u00f3 que van a volar dos sitios uno donde se puede ampliar el puerto y otro terreno de un particular que est\u00e1 dispuesto a hacer un parque industrial, acompa\u00f1ados tambi\u00e9n con el titular de la SIOP, esto para poder hacer los proyectos y puedan tocar puertas y tener un proyecto de desarrollo.<\/p>\n<p>Finalmente coment\u00f3 que continuar\u00e1 llegando la inversi\u00f3n a Tuxpan al igual que el turismo en lo que resta del periodo vacacional.<\/p>\n","protected":false},"excerpt":{"rendered":"<p>Dar\u00edo Pale Xalapa, Ver.- La gobernadora Norma Roc\u00edo Nahle Garc\u00eda dio a conocer que van a realizar un sobrevuelo sobre dos sitios uno ser\u00e1 donde se pueda ampliar el puerto y otro sobre donde se puede construir un parque industrial. En entrevista se\u00f1al\u00f3 que, \u201choy tengo un sobrevuelo, est\u00e1 llegando ahorita el secretario de Marina, [&hellip;]<\/p>\n","protected":false},"author":2476,"featured_media":66248,"comment_status":"open","ping_status":"open","sticky":false,"template":"","format":"standard","meta":{"_jetpack_memberships_contains_paid_content":false,"footnotes":""},"categories":[2],"tags":[],"class_list":["post-66245","post","type-post","status-publish","format-standard","has-post-thumbnail","hentry","category-estado"],"jetpack_featured_media_url":"https:\/\/encuentroinformativo.com.mx\/wp-content\/uploads\/2025\/04\/IMG-20250425-WA01132.jpg","jetpack_sharing_enabled":true,"jetpack_likes_enabled":true,"amp_enabled":true,"_links":{"self":[{"href":"https:\/\/encuentroinformativo.com.mx\/index.php?rest_route=\/wp\/v2\/posts\/66245","targetHints":{"allow":["GET"]}}],"collection":[{"href":"https:\/\/encuentroinformativo.com.mx\/index.php?rest_route=\/wp\/v2\/posts"}],"about":[{"href":"https:\/\/encuentroinformativo.com.mx\/index.php?rest_route=\/wp\/v2\/types\/post"}],"author":[{"embeddable":true,"href":"https:\/\/encuentroinformativo.com.mx\/index.php?rest_route=\/wp\/v2\/users\/2476"}],"replies":[{"embeddable":true,"href":"https:\/\/encuentroinformativo.com.mx\/index.php?rest_route=%2Fwp%2Fv2%2Fcomments&post=66245"}],"version-history":[{"count":2,"href":"https:\/\/encuentroinformativo.com.mx\/index.php?rest_route=\/wp\/v2\/posts\/66245\/revisions"}],"predecessor-version":[{"id":66249,"href":"https:\/\/encuentroinformativo.com.mx\/index.php?rest_route=\/wp\/v2\/posts\/66245\/revisions\/66249"}],"wp:featuredmedia":[{"embeddable":true,"href":"https:\/\/encuentroinformativo.com.mx\/index.php?rest_route=\/wp\/v2\/media\/66248"}],"wp:attachment":[{"href":"https:\/\/encuentroinformativo.com.mx\/index.php?rest_route=%2Fwp%2Fv2%2Fmedia&parent=66245"}],"wp:term":[{"taxonomy":"category","embeddable":true,"href":"https:\/\/encuentroinformativo.com.mx\/index.php?rest_route=%2Fwp%2Fv2%2Fcategories&post=66245"},{"taxonomy":"post_tag","embeddable":true,"href":"https:\/\/encuentroinformativo.com.mx\/index.php?rest_route=%2Fwp%2Fv2%2Ftags&post=66245"}],"curies":[{"name":"wp","href":"https:\/\/api.w.org\/{rel}","templated":true}]}}