{"id":66250,"date":"2025-04-25T14:49:30","date_gmt":"2025-04-25T20:49:30","guid":{"rendered":"https:\/\/encuentroinformativo.com.mx\/?p=66250"},"modified":"2025-04-25T14:49:30","modified_gmt":"2025-04-25T20:49:30","slug":"integrantes-del-frente-obradorista-piden-destitucion-de-esteban-ramirez","status":"publish","type":"post","link":"https:\/\/encuentroinformativo.com.mx\/?p=66250","title":{"rendered":"Integrantes del Frente Obradorista piden destituci\u00f3n de Esteban Ram\u00edrez"},"content":{"rendered":"<p><strong>Dar\u00edo Pale<\/strong><\/p>\n<p>Xalapa, Ver.- Michel Trujillo Pantiga l\u00edder y fundador del Frente Nacional Obradorista, dio a conocer que van a solicitar la destituci\u00f3n de Esteban Ramirez Zepeta como dirigente estatal de Morena o su renuncia irrevocable por lo cual el d\u00eda de ma\u00f1ana se van a manifestar en la plaza Lerdo.<\/p>\n<p>En conferencia de prensa se\u00f1al\u00f3 que el Frente Nacional naci\u00f3 desde el 2019, se manifestaron desde que Mario Delgado, era presidente de Morena, ya que \u00e9l empez\u00f3 a tambi\u00e9n imponer, y a dejar entrar a candidatos indeseables, a quienes llaman Prianistas, candidatos indeseables a un movimiento que se supone que est\u00e1 regenerando la vida p\u00fablica del pa\u00eds.<\/p>\n<p>\u201cHay una inconformidad de parte de las bases, de parte de los fundadores, de parte de quienes caminaron, sudaron, convencieron a mucha gente, veracruzanos, veracruzanas, para llevar al poder al movimiento de regeneraci\u00f3n nacional, y hoy se nos est\u00e1n nuevamente imponiendo candidatos que no representan ni la lucha, ni la causa, ni las convicciones, ni los ideales de este movimiento\u201d, se\u00f1al\u00f3.<\/p>\n<p>\u201cSe est\u00e1n pasando por el arco del triunfo los estatutos y el \u00fanico culpable tiene nombre y apellido, que es Esteban Ram\u00edrez Zepeta, del cual nosotros queremos la destituci\u00f3n inmediata, la renuncia irrevocable, y el cambio total del CEN en Veracruz\u201d, agreg\u00f3.<\/p>\n<p>Dijo que tambi\u00e9n tiene parte de la culpa Luisa Mar\u00eda Alcalde, ya que se est\u00e1 haciendo de la vista gorda, por lo que no pueden tapar el sol con un dedo, no saben d\u00f3nde tienen la cabeza al darle la espalda al pueblo e imponerles a candidatos impresentables.<\/p>\n<p>Coment\u00f3 que son un poco m\u00e1s de cien candidaturas la que impusieron, adem\u00e1s de que se vendieron las candidaturas, hay por ah\u00ed, ustedes saben, de una hermana modesta que vino y encar\u00f3 al dirigente estatal y que le quitaron pr\u00e1cticamente lo que ella hab\u00eda ganado, s\u00ed hay intervencionismo por parte de la dirigencia, ya que no est\u00e1 respetando la clara democracia del movimiento.<\/p>\n<p>\u201cNosotros convocamos a todos los que fueron aspirantes y que se sienten traicionados, que fueron vulnerados sus derechos dentro del movimiento, y nosotros hicimos la convocatoria en todo el estado de Veracruz, no podr\u00eda dar una cifra, pero s\u00ed se oye que van a venir bastantes compa\u00f1eros y compa\u00f1eras, ma\u00f1ana en la Plaza Lerdo, a las 12 del d\u00eda, estaremos un poquito m\u00e1s, una de la tarde, pero estamos convocando desde temprano\u201d, coment\u00f3.<\/p>\n<p>Por todo lo anterior se sienten traicionados por el dirigente estatal Esteban Ramirez Zepeta, \u201cpor supuesto, por supuesto, porque estamos viendo un claro divisionismo provocado por \u00e9l, nosotros no tendr\u00edamos por qu\u00e9 estar haciendo este acto aqu\u00ed, no tendr\u00edamos por qu\u00e9 estar alzando la voz si las cosas en la dirigencia estatal y nacional se hicieran de la manera en que simplemente lo marcan los estatutos, los estatutos fueron violados y eso es lo que nos tiene aqu\u00ed, el hecho de no haber respetado la congruencia, no haber tenido sensibilidad pol\u00edtica<br \/>\npara que de una u otra forma se volteara a ver a los verdaderos obradoristas y morenistas\u201d.<\/p>\n<p>En cuanto a las declaraciones del dirigente estatal sobre que no hay pruebas de que vendi\u00f3 las candidaturas coment\u00f3 que, no conoce a ning\u00fan ladr\u00f3n que deje pruebas.<\/p>\n<p>Las denuncias las est\u00e1n empezando a interponer algunos compa\u00f1eros, como lo hizo Modesta, pero no avanzan, por lo que necesitamos tambi\u00e9n tener sensibilidad por parte de las autoridades del estado, por lo que hace un llamado a la gobernadora Roc\u00edo Nahle a quien apoyan ya que al conocer del caso \u201cque se investigue, no est\u00e1 siendo tapadera\u201d.<\/p>\n<p>\u201cLo mismo dijo a nivel nacional nuestra presidenta Claudia Sheinbaum Pardo, que tiene todo nuestro respaldo, en el caso de Andrea Ch\u00e1vez, que est\u00e1 adelant\u00e1ndose a los tiempos y formas, entonces la presidenta lo dijo, no son las formas ni son los tiempos, y si lo est\u00e1 diciendo y mandando la m\u00e1xima autoridad del pa\u00eds y la m\u00e1xima autoridad del Estado, pues yo creo debe tener mucha voz y voto\u201d, dijo en la conferencia.<\/p>\n<p>Dijo que la dirigencia estatal est\u00e1 a tiempo de corregir el rumbo, ya que lleva una causa y esa causa se debe respetar, y es voltear a ver a las bases y a sus fundadores, reitero que el costo pol\u00edtico lo tendr\u00e1 que asumir el dirigente estatal aqu\u00ed el culpable tiene voz, tiene nombre y apellido, y es Esteban Ram\u00edrez Zepeta.<\/p>\n<p>Finalmente dijo que, hay candidatos impresentables, no podemos decir por un lado fuera el PRIAN y por otro lado consentirlos apapacharlos y darles una candidatura, yo camin\u00e9 por regenerar la vida p\u00fablica del pa\u00eds, no porque vuelvan los mismos chapulines corruptos<br \/>\na un movimiento que nos pertenece al pueblo\u201d.<\/p>\n","protected":false},"excerpt":{"rendered":"<p>Dar\u00edo Pale Xalapa, Ver.- Michel Trujillo Pantiga l\u00edder y fundador del Frente Nacional Obradorista, dio a conocer que van a solicitar la destituci\u00f3n de Esteban Ramirez Zepeta como dirigente estatal de Morena o su renuncia irrevocable por lo cual el d\u00eda de ma\u00f1ana se van a manifestar en la plaza Lerdo. En conferencia de prensa [&hellip;]<\/p>\n","protected":false},"author":2476,"featured_media":66251,"comment_status":"open","ping_status":"open","sticky":false,"template":"","format":"standard","meta":{"_jetpack_memberships_contains_paid_content":false,"footnotes":""},"categories":[2],"tags":[],"class_list":["post-66250","post","type-post","status-publish","format-standard","has-post-thumbnail","hentry","category-estado"],"jetpack_featured_media_url":"https:\/\/encuentroinformativo.com.mx\/wp-content\/uploads\/2025\/04\/IMG-20250425-WA0120.jpg","jetpack_sharing_enabled":true,"jetpack_likes_enabled":true,"amp_enabled":true,"_links":{"self":[{"href":"https:\/\/encuentroinformativo.com.mx\/index.php?rest_route=\/wp\/v2\/posts\/66250","targetHints":{"allow":["GET"]}}],"collection":[{"href":"https:\/\/encuentroinformativo.com.mx\/index.php?rest_route=\/wp\/v2\/posts"}],"about":[{"href":"https:\/\/encuentroinformativo.com.mx\/index.php?rest_route=\/wp\/v2\/types\/post"}],"author":[{"embeddable":true,"href":"https:\/\/encuentroinformativo.com.mx\/index.php?rest_route=\/wp\/v2\/users\/2476"}],"replies":[{"embeddable":true,"href":"https:\/\/encuentroinformativo.com.mx\/index.php?rest_route=%2Fwp%2Fv2%2Fcomments&post=66250"}],"version-history":[{"count":1,"href":"https:\/\/encuentroinformativo.com.mx\/index.php?rest_route=\/wp\/v2\/posts\/66250\/revisions"}],"predecessor-version":[{"id":66252,"href":"https:\/\/encuentroinformativo.com.mx\/index.php?rest_route=\/wp\/v2\/posts\/66250\/revisions\/66252"}],"wp:featuredmedia":[{"embeddable":true,"href":"https:\/\/encuentroinformativo.com.mx\/index.php?rest_route=\/wp\/v2\/media\/66251"}],"wp:attachment":[{"href":"https:\/\/encuentroinformativo.com.mx\/index.php?rest_route=%2Fwp%2Fv2%2Fmedia&parent=66250"}],"wp:term":[{"taxonomy":"category","embeddable":true,"href":"https:\/\/encuentroinformativo.com.mx\/index.php?rest_route=%2Fwp%2Fv2%2Fcategories&post=66250"},{"taxonomy":"post_tag","embeddable":true,"href":"https:\/\/encuentroinformativo.com.mx\/index.php?rest_route=%2Fwp%2Fv2%2Ftags&post=66250"}],"curies":[{"name":"wp","href":"https:\/\/api.w.org\/{rel}","templated":true}]}}