{"id":66262,"date":"2025-04-25T23:16:54","date_gmt":"2025-04-26T05:16:54","guid":{"rendered":"https:\/\/encuentroinformativo.com.mx\/?p=66262"},"modified":"2025-04-25T23:16:54","modified_gmt":"2025-04-26T05:16:54","slug":"plantea-diputada-montserrat-ortega-simplificar-tramite-de-cambio-de-nombre","status":"publish","type":"post","link":"https:\/\/encuentroinformativo.com.mx\/?p=66262","title":{"rendered":"Plantea diputada Montserrat Ortega simplificar tr\u00e1mite de cambio de nombre"},"content":{"rendered":"<p><strong>* Presenta una iniciativa que reforma diversas disposiciones del C\u00f3digo Civil para crear el cap\u00edtulo denominado <em>Del cambio de nombre en v\u00eda administrativa<\/em>.<\/strong><\/p>\n<p style=\"font-weight: 400;\">Xalapa, Ver.- La diputada Montserrat Ortega Ruiz present\u00f3 al Pleno de la LXVII Legislatura una iniciativa con proyecto de decreto que reforma y adiciona diversas disposiciones del C\u00f3digo Civil del estado de Veracruz, con la finalidad crear el cap\u00edtulo V al T\u00edtulo Tercero, denominado <em>Del cambio de nombre en v\u00eda administrativa<\/em>, para que quien desee realizarlo se except\u00fae de hacerlo mediante proceso judicial.<\/p>\n<p style=\"font-weight: 400;\">En su intervenci\u00f3n desde la tribuna, la legisladora subray\u00f3 que la v\u00eda administrativa para el cambio de nombre permite al ciudadano tr\u00e1mites sumarios asequibles y el acceso a la justicia de una manera menos onerosa, por lo que \u201cesta reforma acerca la posibilidad y la facultad al ciudadano de realizar sus tr\u00e1mites de forma m\u00e1s simplificada\u201d.<\/p>\n<p style=\"font-weight: 400;\">De acuerdo con la propuesta, el cap\u00edtulo V\u00a0<em>Del cambio de nombre en v\u00eda administrativa<\/em>\u00a0referir\u00eda en su Art\u00edculo 74 Bis que procede el cambio de nombre via administrativa ante la Direcci\u00f3n General del Registro Civil o ante el Oficial del Registro Civil que conoci\u00f3 del registro de nacimiento, en los supuestos de: cuando se trate de una modificaci\u00f3n parcial o total del nombre o nombres de pila que altere la fon\u00e9tica del mismo o d\u00e9 lugar a otro nombre.<\/p>\n<p style=\"font-weight: 400;\">Tambi\u00e9n cuando la persona hubiere sido conocida con nombre distinto del que aparece en su acta de nacimiento; si el nombre o nombres le causen afrenta, escarnio, discriminaci\u00f3n o burla; en casos de desconocimiento o reconocimiento de paternidad o maternidad y cuando la homonimia le cause da\u00f1os y perjuicios de car\u00e1cter legal o administrativo.<\/p>\n<p style=\"font-weight: 400;\">Para el procedimiento administrativo de cambio de nombre deber\u00e1 contar con nacionalidad mexicana por nacimiento, presentar solicitud por escrito ante la Direcci\u00f3n General del Registro Civil o ante la oficial\u00eda que conoci\u00f3 del registro de nacimiento, manifestando su voluntad, as\u00ed como el nombre o nombres solicitados que se asentar\u00e1n en el acta de nacimiento, y mostrar copia certificada reciente del acta.<\/p>\n<p style=\"font-weight: 400;\">Cuando la documentaci\u00f3n sea recibida por el oficial del Registro Civil, resolver\u00e1 la procedencia de la misma en un t\u00e9rmino no mayor a 30 d\u00edas h\u00e1biles. Una vez efectuado el cambio de nombre, deber\u00e1 darse cumplimiento a lo dispuesto en el Art\u00edculo 676 del C\u00f3digo Civil y avisar a la Direcci\u00f3n General del registro para que proceda a hacer las anotaciones en los ap\u00e9ndices que obran en su poder.<\/p>\n<p style=\"font-weight: 400;\">La iniciativa fue turnada, para su estudio y dictamen, a la Comisi\u00f3n Permanente de Justicia y Puntos Constitucionales.<\/p>\n","protected":false},"excerpt":{"rendered":"<p>* Presenta una iniciativa que reforma diversas disposiciones del C\u00f3digo Civil para crear el cap\u00edtulo denominado Del cambio de nombre en v\u00eda administrativa. Xalapa, Ver.- La diputada Montserrat Ortega Ruiz present\u00f3 al Pleno de la LXVII Legislatura una iniciativa con proyecto de decreto que reforma y adiciona diversas disposiciones del C\u00f3digo Civil del estado de [&hellip;]<\/p>\n","protected":false},"author":2476,"featured_media":66263,"comment_status":"open","ping_status":"open","sticky":false,"template":"","format":"standard","meta":{"_jetpack_memberships_contains_paid_content":false,"footnotes":""},"categories":[2],"tags":[],"class_list":["post-66262","post","type-post","status-publish","format-standard","has-post-thumbnail","hentry","category-estado"],"jetpack_featured_media_url":"https:\/\/encuentroinformativo.com.mx\/wp-content\/uploads\/2025\/04\/NOV25ABRIL2025MONTSERRAT1.jpeg","jetpack_sharing_enabled":true,"jetpack_likes_enabled":true,"amp_enabled":true,"_links":{"self":[{"href":"https:\/\/encuentroinformativo.com.mx\/index.php?rest_route=\/wp\/v2\/posts\/66262","targetHints":{"allow":["GET"]}}],"collection":[{"href":"https:\/\/encuentroinformativo.com.mx\/index.php?rest_route=\/wp\/v2\/posts"}],"about":[{"href":"https:\/\/encuentroinformativo.com.mx\/index.php?rest_route=\/wp\/v2\/types\/post"}],"author":[{"embeddable":true,"href":"https:\/\/encuentroinformativo.com.mx\/index.php?rest_route=\/wp\/v2\/users\/2476"}],"replies":[{"embeddable":true,"href":"https:\/\/encuentroinformativo.com.mx\/index.php?rest_route=%2Fwp%2Fv2%2Fcomments&post=66262"}],"version-history":[{"count":1,"href":"https:\/\/encuentroinformativo.com.mx\/index.php?rest_route=\/wp\/v2\/posts\/66262\/revisions"}],"predecessor-version":[{"id":66264,"href":"https:\/\/encuentroinformativo.com.mx\/index.php?rest_route=\/wp\/v2\/posts\/66262\/revisions\/66264"}],"wp:featuredmedia":[{"embeddable":true,"href":"https:\/\/encuentroinformativo.com.mx\/index.php?rest_route=\/wp\/v2\/media\/66263"}],"wp:attachment":[{"href":"https:\/\/encuentroinformativo.com.mx\/index.php?rest_route=%2Fwp%2Fv2%2Fmedia&parent=66262"}],"wp:term":[{"taxonomy":"category","embeddable":true,"href":"https:\/\/encuentroinformativo.com.mx\/index.php?rest_route=%2Fwp%2Fv2%2Fcategories&post=66262"},{"taxonomy":"post_tag","embeddable":true,"href":"https:\/\/encuentroinformativo.com.mx\/index.php?rest_route=%2Fwp%2Fv2%2Ftags&post=66262"}],"curies":[{"name":"wp","href":"https:\/\/api.w.org\/{rel}","templated":true}]}}