{"id":66289,"date":"2025-04-26T15:25:32","date_gmt":"2025-04-26T21:25:32","guid":{"rendered":"https:\/\/encuentroinformativo.com.mx\/?p=66289"},"modified":"2025-04-26T15:25:32","modified_gmt":"2025-04-26T21:25:32","slug":"acompanara-maynez-arranques-de-campana-en-veracruz","status":"publish","type":"post","link":"https:\/\/encuentroinformativo.com.mx\/?p=66289","title":{"rendered":"Acompa\u00f1ar\u00e1 M\u00e1ynez arranques de campa\u00f1a en Veracruz"},"content":{"rendered":"<p><strong>Alejandro \u00c1vila<\/strong><\/p>\n<p>Veracruz, Ver.- El presidente estatal de Movimiento Ciudadano, Luis Carbonell de la Hoz, gestion\u00f3 que el Coordinador Nacional naranja, Jorge \u00c1lvarez M\u00e1ynez, acompa\u00f1e a los candidatos a las presidencias municipales de Veracruz en sus arranques de campa\u00f1a.<\/p>\n<p>El pr\u00f3ximo 29 de abril inician las campa\u00f1as pol\u00edticas para alcald\u00edas en los estados de Veracruz y Durango, pero el ex presidenciable Jorge \u00c1lvarez M\u00e1ynez decidi\u00f3 acompa\u00f1ar a los candidatos veracruzanos en sus respectivos municipios, a sabiendas las preferencias que ha logrado la Fuerza Naranja en la entidad.<\/p>\n<p>El 29 de abril a las 10 de la ma\u00f1ana Jorge \u00c1lvarez M\u00e1ynez presentar\u00e1 en el Instituto Universitario Veracruzano (IUV) del municipio de Banderilla, su libro &#8220;M\u00e9xico nuevo&#8221;.<\/p>\n<p>Ese mismo d\u00eda a las 5 de la tarde, estar\u00e1 presente en el arranque de campa\u00f1a del candidato de Movimiento Ciudadano en La Antigua, Venancio Carlos Reyes Bret\u00f3n; el viernes 2 de mayo estar\u00e1 en Veracruz y Boca del R\u00edo, para acompa\u00f1ar a Belem Palmeros Exsome y Ra\u00fal Zarrabal Ferat, respectivamente; mientras que el domingo 4 de mayo visitar\u00e1 Alvarado, para acompa\u00f1ar a Bogar Ruiz Rosas.<\/p>\n<p>Se estima que la agenda y el acompa\u00f1amiento del Coordinador Nacional de Movimiento Ciudadano se extienda a otros municipios.<\/p>\n","protected":false},"excerpt":{"rendered":"<p>Alejandro \u00c1vila Veracruz, Ver.- El presidente estatal de Movimiento Ciudadano, Luis Carbonell de la Hoz, gestion\u00f3 que el Coordinador Nacional naranja, Jorge \u00c1lvarez M\u00e1ynez, acompa\u00f1e a los candidatos a las presidencias municipales de Veracruz en sus arranques de campa\u00f1a. El pr\u00f3ximo 29 de abril inician las campa\u00f1as pol\u00edticas para alcald\u00edas en los estados de Veracruz [&hellip;]<\/p>\n","protected":false},"author":2476,"featured_media":66290,"comment_status":"open","ping_status":"open","sticky":false,"template":"","format":"standard","meta":{"_jetpack_memberships_contains_paid_content":false,"footnotes":""},"categories":[2],"tags":[],"class_list":["post-66289","post","type-post","status-publish","format-standard","has-post-thumbnail","hentry","category-estado"],"jetpack_featured_media_url":"https:\/\/encuentroinformativo.com.mx\/wp-content\/uploads\/2025\/04\/IMG-20250426-WA0152.jpg","jetpack_sharing_enabled":true,"jetpack_likes_enabled":true,"amp_enabled":true,"_links":{"self":[{"href":"https:\/\/encuentroinformativo.com.mx\/index.php?rest_route=\/wp\/v2\/posts\/66289","targetHints":{"allow":["GET"]}}],"collection":[{"href":"https:\/\/encuentroinformativo.com.mx\/index.php?rest_route=\/wp\/v2\/posts"}],"about":[{"href":"https:\/\/encuentroinformativo.com.mx\/index.php?rest_route=\/wp\/v2\/types\/post"}],"author":[{"embeddable":true,"href":"https:\/\/encuentroinformativo.com.mx\/index.php?rest_route=\/wp\/v2\/users\/2476"}],"replies":[{"embeddable":true,"href":"https:\/\/encuentroinformativo.com.mx\/index.php?rest_route=%2Fwp%2Fv2%2Fcomments&post=66289"}],"version-history":[{"count":1,"href":"https:\/\/encuentroinformativo.com.mx\/index.php?rest_route=\/wp\/v2\/posts\/66289\/revisions"}],"predecessor-version":[{"id":66291,"href":"https:\/\/encuentroinformativo.com.mx\/index.php?rest_route=\/wp\/v2\/posts\/66289\/revisions\/66291"}],"wp:featuredmedia":[{"embeddable":true,"href":"https:\/\/encuentroinformativo.com.mx\/index.php?rest_route=\/wp\/v2\/media\/66290"}],"wp:attachment":[{"href":"https:\/\/encuentroinformativo.com.mx\/index.php?rest_route=%2Fwp%2Fv2%2Fmedia&parent=66289"}],"wp:term":[{"taxonomy":"category","embeddable":true,"href":"https:\/\/encuentroinformativo.com.mx\/index.php?rest_route=%2Fwp%2Fv2%2Fcategories&post=66289"},{"taxonomy":"post_tag","embeddable":true,"href":"https:\/\/encuentroinformativo.com.mx\/index.php?rest_route=%2Fwp%2Fv2%2Ftags&post=66289"}],"curies":[{"name":"wp","href":"https:\/\/api.w.org\/{rel}","templated":true}]}}