{"id":66292,"date":"2025-04-26T15:32:06","date_gmt":"2025-04-26T21:32:06","guid":{"rendered":"https:\/\/encuentroinformativo.com.mx\/?p=66292"},"modified":"2025-04-26T15:32:06","modified_gmt":"2025-04-26T21:32:06","slug":"se-debe-garantizar-acceso-a-la-justicia-daniela-suarez","status":"publish","type":"post","link":"https:\/\/encuentroinformativo.com.mx\/?p=66292","title":{"rendered":"Se debe garantizar acceso a la justicia: Daniela Su\u00e1rez"},"content":{"rendered":"<p><strong>Dar\u00edo Pale<\/strong><\/p>\n<p>Xalapa, Ver.- Daniela del Carmen Su\u00e1rez de los Santos, candidata a Jueza de Distrito en Materia Mixta por el Estado de Veracruz, asegur\u00f3 que es necesario que desde el Poder Judicial se garantice el acceso a la justicia para todos, pero que sea pronta, expedita y cercana.<\/p>\n<p>En entrevista dijo que esto obedece al principal reclamo de la gente, pues se tiene una percepci\u00f3n de que la justicia es lenta y llega tarde, durante un recorrido por el parque Ju\u00e1rez para dar a conocer sus propuestas a la ciudadan\u00eda.<\/p>\n<p>Explic\u00f3 adem\u00e1s que la justicia debe ser con enfoque en los derechos humanos, accesible y que llegue a todos los grupos en situaci\u00f3n de vulnerabilidad.<\/p>\n<p>&#8220;Tambi\u00e9n proteger a la poblaci\u00f3n vulnerable, para m\u00ed es fundamental, porque las personas en situaci\u00f3n de vulnerabilidad y en pobreza, son las mayormente afectadas por injusticias, porque no tienen abogados que brinden una defensa adecuada o pensemos en personas ind\u00edgenas que ni siquiera tienen un traductor, o personas con discapacidad, o mujeres que han sido revictimizadas&#8221;, coment\u00f3.<\/p>\n<p>En este sentido, indic\u00f3 que se deben dejar de lado tecnicismos que la ciudadan\u00eda no entiende y que impide proteger a la persona, principalmente a las clases vulnerables como ind\u00edgenas, con discapacidad, mujeres revictimizadas, migrantes e infantes.<\/p>\n<p>&#8220;Tambi\u00e9n creo que es fundamental una justicia con enfoque de derechos humanos y esta justicia es poner en el centro a la persona, que lo m\u00e1s importante que tenga es proteger a las personas, sobre todo, a las m\u00e1s vulnerables. Dejar de lado tecnicismos o cuestiones procesales que impiden proteger a la persona&#8221;, se\u00f1al\u00f3.<\/p>\n<p>Daniela Su\u00e1rez tambi\u00e9n cree en una justicia que sea en un lenguaje ciudadano y accesible, &#8220;muchas veces las sentencias de los jueces o del gremio de abogados va dirigida a otros abogados y eso est\u00e1 mal, porque lo que se resuelve en una sentencia es la vida de una persona, por eso es fundamental que se tengan sentencias accesibles en el lenguaje ciudadano para que las personas sepan lo que el juez resolvi\u00f3 y el fundamento&#8221;.<\/p>\n<p>Asimismo, coment\u00f3 que la justicia debe ser imparcial, pero no indiferente, &#8220;se cree que la venda como se ve representada la justicia a Themis con una venda en los ojos, implica que no tenga que ver estos desequilibrios de poder o esta desigualdad que existe en M\u00e9xico y eso me parece una percepci\u00f3n err\u00f3nea, el juez tiene que ver estas desigualdades, reconocerlas y emparejar el terreno, solamente as\u00ed habr\u00e1 imparcialidad, sino solamente es convalidar injusticias&#8221;.<\/p>\n<p>En ese contexto, coment\u00f3 que se trata de una elecci\u00f3n in\u00e9dita en el pa\u00eds y por primera vez en la historia de M\u00e9xico se elegir\u00e1 por voto popular a los jueces, magistrados y ministros.<\/p>\n<p>&#8220;Antes era por un sistema de carrera judicial y era por ex\u00e1menes. Si bien es cierto que hay ex\u00e1menes, un primer filtro de evaluaci\u00f3n por diversos comit\u00e9s, despu\u00e9s se agreg\u00f3 un aspecto adicional que busca democratizar o legitimar al Poder Judicial con las personas&#8221;, dijo.<\/p>\n<p>La candidata precis\u00f3 que no pertenece a ning\u00fan partido pol\u00edtico y sus campa\u00f1as son autofinanciadas. Los \u00fanicos recursos son folletos con material reciclable y sus redes sociales, adem\u00e1s de hacer recorridos.<\/p>\n<p>&#8220;Este 1 de junio les van a dar 10 boletas, porque en Veracruz se eligen no s\u00f3lo jueces federales y ministros, sino tambi\u00e9n los jueces locales y adem\u00e1s tenemos las elecciones municipales&#8221;, coment\u00f3.<\/p>\n<p>Daniela Su\u00e1rez manifest\u00f3 que el papel del Poder Judicial de la Federaci\u00f3n es fundamental en una democracia, &#8220;m\u00e1s, los que resuelven juicio de amparo. Por eso requerimos \u00e1rbitros independientes, \u00e1rbitros que conozcan, pero tambi\u00e9n honestos&#8221;.<\/p>\n<p>La aspirante agreg\u00f3 que el INE dividi\u00f3 al estado de Veracruz en dos para la elecci\u00f3n, en sur y en norte, por una cuesti\u00f3n de log\u00edstica para la organizaci\u00f3n de la elecci\u00f3n, por lo que a ella le toca La Antigua, Emiliano Zapata, Xalapa, hasta Tampico Alto, por lo que la Huasteca veracruzana podr\u00e1 por ella.<\/p>\n<p>Daniela Su\u00e1rez tiene una carrera judicial de m\u00e1s de diez a\u00f1os, especialista en derechos humanos, cuenta con dos maestr\u00edas, as\u00ed como una especialidad.<\/p>\n","protected":false},"excerpt":{"rendered":"<p>Dar\u00edo Pale Xalapa, Ver.- Daniela del Carmen Su\u00e1rez de los Santos, candidata a Jueza de Distrito en Materia Mixta por el Estado de Veracruz, asegur\u00f3 que es necesario que desde el Poder Judicial se garantice el acceso a la justicia para todos, pero que sea pronta, expedita y cercana. En entrevista dijo que esto obedece [&hellip;]<\/p>\n","protected":false},"author":2476,"featured_media":66293,"comment_status":"open","ping_status":"open","sticky":false,"template":"","format":"standard","meta":{"_jetpack_memberships_contains_paid_content":false,"footnotes":""},"categories":[2],"tags":[],"class_list":["post-66292","post","type-post","status-publish","format-standard","has-post-thumbnail","hentry","category-estado"],"jetpack_featured_media_url":"https:\/\/encuentroinformativo.com.mx\/wp-content\/uploads\/2025\/04\/IMG-20250426-WA0098.jpg","jetpack_sharing_enabled":true,"jetpack_likes_enabled":true,"amp_enabled":true,"_links":{"self":[{"href":"https:\/\/encuentroinformativo.com.mx\/index.php?rest_route=\/wp\/v2\/posts\/66292","targetHints":{"allow":["GET"]}}],"collection":[{"href":"https:\/\/encuentroinformativo.com.mx\/index.php?rest_route=\/wp\/v2\/posts"}],"about":[{"href":"https:\/\/encuentroinformativo.com.mx\/index.php?rest_route=\/wp\/v2\/types\/post"}],"author":[{"embeddable":true,"href":"https:\/\/encuentroinformativo.com.mx\/index.php?rest_route=\/wp\/v2\/users\/2476"}],"replies":[{"embeddable":true,"href":"https:\/\/encuentroinformativo.com.mx\/index.php?rest_route=%2Fwp%2Fv2%2Fcomments&post=66292"}],"version-history":[{"count":1,"href":"https:\/\/encuentroinformativo.com.mx\/index.php?rest_route=\/wp\/v2\/posts\/66292\/revisions"}],"predecessor-version":[{"id":66294,"href":"https:\/\/encuentroinformativo.com.mx\/index.php?rest_route=\/wp\/v2\/posts\/66292\/revisions\/66294"}],"wp:featuredmedia":[{"embeddable":true,"href":"https:\/\/encuentroinformativo.com.mx\/index.php?rest_route=\/wp\/v2\/media\/66293"}],"wp:attachment":[{"href":"https:\/\/encuentroinformativo.com.mx\/index.php?rest_route=%2Fwp%2Fv2%2Fmedia&parent=66292"}],"wp:term":[{"taxonomy":"category","embeddable":true,"href":"https:\/\/encuentroinformativo.com.mx\/index.php?rest_route=%2Fwp%2Fv2%2Fcategories&post=66292"},{"taxonomy":"post_tag","embeddable":true,"href":"https:\/\/encuentroinformativo.com.mx\/index.php?rest_route=%2Fwp%2Fv2%2Ftags&post=66292"}],"curies":[{"name":"wp","href":"https:\/\/api.w.org\/{rel}","templated":true}]}}