{"id":66306,"date":"2025-04-27T12:39:35","date_gmt":"2025-04-27T18:39:35","guid":{"rendered":"https:\/\/encuentroinformativo.com.mx\/?p=66306"},"modified":"2025-04-27T12:39:35","modified_gmt":"2025-04-27T18:39:35","slug":"camila-cautiva-a-veracruz-con-nostalgia-y-recuerdos","status":"publish","type":"post","link":"https:\/\/encuentroinformativo.com.mx\/?p=66306","title":{"rendered":"Camila cautiva a Veracruz con nostalgia y recuerdos"},"content":{"rendered":"<p><strong>Alejandro \u00c1vila<\/strong><\/p>\n<p>Veracruz, Ver.- El concierto que el Grupo CAMILA realiz\u00f3 en Veracruz en el auditorio Benito Ju\u00e1rez fue un \u00e9xito al cantar sus ic\u00f3nicas canciones emocionando a sus miles de fans.<\/p>\n<p>El concierto de CAMILA en Veracruz estuvo lleno de nostalgia y recuerdos, con los asistentes cantando a todo pulm\u00f3n las canciones de la banda que durante 20 a\u00f1os el p\u00fablico se ha enamorado y desenamorado.<\/p>\n<p>Incendios, Mientes, Perderte, Sin tu amor y Restos, fueron algunas de las canciones que conformaron el setlist de \u201cRegresa Tour\u201d y que fueron coreadas al un\u00edsono de principio a fin por todos los asistentes.<\/p>\n<p>Diamantes, Al\u00e9jate de m\u00ed, Coleccionista de canciones, De qu\u00e9 me sirve la vida y Todo cambi\u00f3 tambi\u00e9n se escucharon esta noche en voces de Mario Domm, Pablo Hurtado y Samo, quienes tambi\u00e9n agradecieron a su p\u00fablico estos 20 a\u00f1os de \u00e9xitos y de complicidad musical.<\/p>\n<p>Sin duda alguna \u201cRegresa Tour\u201d del Grupo CAMILA en Veracruz fue todo un \u00e9xito gracias a Show Design, empresa l\u00edder en entretenimiento, eventos y conciertos nacionales e internacionales.<\/p>\n","protected":false},"excerpt":{"rendered":"<p>Alejandro \u00c1vila Veracruz, Ver.- El concierto que el Grupo CAMILA realiz\u00f3 en Veracruz en el auditorio Benito Ju\u00e1rez fue un \u00e9xito al cantar sus ic\u00f3nicas canciones emocionando a sus miles de fans. El concierto de CAMILA en Veracruz estuvo lleno de nostalgia y recuerdos, con los asistentes cantando a todo pulm\u00f3n las canciones de la [&hellip;]<\/p>\n","protected":false},"author":2476,"featured_media":66307,"comment_status":"open","ping_status":"open","sticky":false,"template":"","format":"standard","meta":{"_jetpack_memberships_contains_paid_content":false,"footnotes":""},"categories":[2],"tags":[],"class_list":["post-66306","post","type-post","status-publish","format-standard","has-post-thumbnail","hentry","category-estado"],"jetpack_featured_media_url":"https:\/\/encuentroinformativo.com.mx\/wp-content\/uploads\/2025\/04\/IMG-20250427-WA00372.jpg","jetpack_sharing_enabled":true,"jetpack_likes_enabled":true,"amp_enabled":true,"_links":{"self":[{"href":"https:\/\/encuentroinformativo.com.mx\/index.php?rest_route=\/wp\/v2\/posts\/66306","targetHints":{"allow":["GET"]}}],"collection":[{"href":"https:\/\/encuentroinformativo.com.mx\/index.php?rest_route=\/wp\/v2\/posts"}],"about":[{"href":"https:\/\/encuentroinformativo.com.mx\/index.php?rest_route=\/wp\/v2\/types\/post"}],"author":[{"embeddable":true,"href":"https:\/\/encuentroinformativo.com.mx\/index.php?rest_route=\/wp\/v2\/users\/2476"}],"replies":[{"embeddable":true,"href":"https:\/\/encuentroinformativo.com.mx\/index.php?rest_route=%2Fwp%2Fv2%2Fcomments&post=66306"}],"version-history":[{"count":1,"href":"https:\/\/encuentroinformativo.com.mx\/index.php?rest_route=\/wp\/v2\/posts\/66306\/revisions"}],"predecessor-version":[{"id":66308,"href":"https:\/\/encuentroinformativo.com.mx\/index.php?rest_route=\/wp\/v2\/posts\/66306\/revisions\/66308"}],"wp:featuredmedia":[{"embeddable":true,"href":"https:\/\/encuentroinformativo.com.mx\/index.php?rest_route=\/wp\/v2\/media\/66307"}],"wp:attachment":[{"href":"https:\/\/encuentroinformativo.com.mx\/index.php?rest_route=%2Fwp%2Fv2%2Fmedia&parent=66306"}],"wp:term":[{"taxonomy":"category","embeddable":true,"href":"https:\/\/encuentroinformativo.com.mx\/index.php?rest_route=%2Fwp%2Fv2%2Fcategories&post=66306"},{"taxonomy":"post_tag","embeddable":true,"href":"https:\/\/encuentroinformativo.com.mx\/index.php?rest_route=%2Fwp%2Fv2%2Ftags&post=66306"}],"curies":[{"name":"wp","href":"https:\/\/api.w.org\/{rel}","templated":true}]}}