{"id":6631,"date":"2020-10-07T14:00:40","date_gmt":"2020-10-07T19:00:40","guid":{"rendered":"https:\/\/encuentroinformativo.com.mx\/?p=6631"},"modified":"2020-10-07T14:00:43","modified_gmt":"2020-10-07T19:00:43","slug":"organizaciones-denuncian-cobro-de-cuotas-en-transporte-publico","status":"publish","type":"post","link":"https:\/\/encuentroinformativo.com.mx\/?p=6631","title":{"rendered":"Organizaciones denuncian cobro de \u2018cuotas\u2019 en Transporte P\u00fablico"},"content":{"rendered":"\n<p><strong>Dar\u00edo Pale <\/strong><\/p>\n\n\n\n<p>Xalapa, Ver.- L\u00edderes de diferentes organizaciones sindicales del transporte denunciaron p\u00fablicamente pero de forma an\u00f3nima por temor a represalias a Miguel \u00c1ngel Hern\u00e1ndez Flores subdirector Operativo de Transporte P\u00fablico ya que pide cuotas de semanales y mensuales que van desde los 10 mil hasta los 120 mil pesos.<\/p>\n\n\n\n<p>En entrevista se\u00f1alaron que esta persona han sido amenazados para no reportar las anomal\u00edas que se dan en esa \u00e1rea ya que les est\u00e1n pidiendo unas cuotas muy altas a la semana y otras son mensuales para que los puedan dejar trabajar, pero hay muchas irregularidades desde que lleg\u00f3 a ese cargo.<\/p>\n\n\n\n<p>Tambi\u00e9n el personal que est\u00e1 a su mando son quienes se encargan de hacer operativos en veh\u00edculos particulares como lo son una camioneta Urban Blanca y el Aveo rojo propiedad del subdirector que no van de acuerdo al reglamento o los lineamientos lo cual realizan en todo el estado.<\/p>\n\n\n\n<p>Las cuotas van dependiendo de los agremiados que tenga cada sindicato algunos que pagan 32 mil pesos mensuales algunos pagan cada semana entre 10 y 15 mil pesos, incluso hace operativos para los colectivos para que se reporten con esta persona.<\/p>\n\n\n\n<p>Hay unos de Chiconquiaco que le trae 120 mil pesos al mes ya que tienen transporte de carga pesada de esa zona por lo que a todos los agricultores les piden una buena cantidad de dinero, en C\u00f3rdoba son siete l\u00edderes donde cada uno de ellos le pasa a dejar de 12 a 13 mil pesos semanales con la finalidad de no tener represiones.<\/p>\n\n\n\n<p>Se\u00f1alaron que esta persona no lleg\u00f3 para arreglar las cosas ya que es el m\u00e1s corrupto que han tenido dentro del \u00e1rea de transporte porque para los tr\u00e1mites no dan los emplacamientos si no pagan seis mil pesos, por otros documentos est\u00e1n solicitando cinco mil pesos para cualquier tr\u00e1mite es directamente con el subdirector, anteriormente se trataba con Alarcon y con Estrada.<\/p>\n\n\n\n<p>Se\u00f1alaron que al subdirector Miguel \u00c1ngel no lo conocen pero manda a una persona que conocen como M\u00e1rquez qui\u00e9n es el que se encarga de negociar para lo cual les quitan celulares y todo lo que puedan para que no graven las conversaciones.<\/p>\n\n\n\n<p>Se\u00f1alaron que tienen miedo de que su gente ya no pueda trabajar por las represalias que pueda tener esta persona en contra de todos los sindicatos, por lo que es probable que puedan tomar las instalaciones de la direcci\u00f3n de transporte p\u00fablico para solicitar la destituci\u00f3n de esta persona.<\/p>\n\n\n\n<p>Dio a conocer que hay cuatro personas que est\u00e1n involucradas desde el director el cual se menciona que ya va a salir, personas del jur\u00eddico, quienes est\u00e1n bajo el malo del subdirector y quien los apoya para que las denuncias en asuntos internos no procedan, por lo que est\u00e1n pidiendo que saquen a la luz todo el fraude de concesiones que tienen de documentos y de irregularidades que existen.<\/p>\n\n\n\n<p>Finalmente dieron a conocer que ya est\u00e1n peor que con el crimen organizado ya sienten que est\u00e1n trabajando con ellos porque es m\u00e1s f\u00e1cil pagarle al crimen organizado y que los proteja de ellos que estar denunciando al secretario de seguridad p\u00fablica ya que no sabe que es lo que tiene en realidad en esa \u00e1rea.<\/p>\n","protected":false},"excerpt":{"rendered":"<p>Dar\u00edo Pale Xalapa, Ver.- L\u00edderes de diferentes organizaciones sindicales del transporte denunciaron p\u00fablicamente pero de forma an\u00f3nima por temor a represalias a Miguel \u00c1ngel Hern\u00e1ndez Flores subdirector Operativo de Transporte P\u00fablico ya que pide cuotas de semanales y mensuales que van desde los 10 mil hasta los 120 mil pesos. En entrevista se\u00f1alaron que esta [&hellip;]<\/p>\n","protected":false},"author":1,"featured_media":6632,"comment_status":"open","ping_status":"open","sticky":false,"template":"","format":"standard","meta":{"_jetpack_memberships_contains_paid_content":false,"footnotes":""},"categories":[2],"tags":[],"class_list":["post-6631","post","type-post","status-publish","format-standard","has-post-thumbnail","hentry","category-estado"],"jetpack_featured_media_url":"https:\/\/encuentroinformativo.com.mx\/wp-content\/uploads\/2020\/10\/A21D803F-1C19-45F6-BD2B-07A762F6B5DD.jpeg","jetpack_sharing_enabled":true,"jetpack_likes_enabled":true,"amp_enabled":true,"_links":{"self":[{"href":"https:\/\/encuentroinformativo.com.mx\/index.php?rest_route=\/wp\/v2\/posts\/6631","targetHints":{"allow":["GET"]}}],"collection":[{"href":"https:\/\/encuentroinformativo.com.mx\/index.php?rest_route=\/wp\/v2\/posts"}],"about":[{"href":"https:\/\/encuentroinformativo.com.mx\/index.php?rest_route=\/wp\/v2\/types\/post"}],"author":[{"embeddable":true,"href":"https:\/\/encuentroinformativo.com.mx\/index.php?rest_route=\/wp\/v2\/users\/1"}],"replies":[{"embeddable":true,"href":"https:\/\/encuentroinformativo.com.mx\/index.php?rest_route=%2Fwp%2Fv2%2Fcomments&post=6631"}],"version-history":[{"count":1,"href":"https:\/\/encuentroinformativo.com.mx\/index.php?rest_route=\/wp\/v2\/posts\/6631\/revisions"}],"predecessor-version":[{"id":6633,"href":"https:\/\/encuentroinformativo.com.mx\/index.php?rest_route=\/wp\/v2\/posts\/6631\/revisions\/6633"}],"wp:featuredmedia":[{"embeddable":true,"href":"https:\/\/encuentroinformativo.com.mx\/index.php?rest_route=\/wp\/v2\/media\/6632"}],"wp:attachment":[{"href":"https:\/\/encuentroinformativo.com.mx\/index.php?rest_route=%2Fwp%2Fv2%2Fmedia&parent=6631"}],"wp:term":[{"taxonomy":"category","embeddable":true,"href":"https:\/\/encuentroinformativo.com.mx\/index.php?rest_route=%2Fwp%2Fv2%2Fcategories&post=6631"},{"taxonomy":"post_tag","embeddable":true,"href":"https:\/\/encuentroinformativo.com.mx\/index.php?rest_route=%2Fwp%2Fv2%2Ftags&post=6631"}],"curies":[{"name":"wp","href":"https:\/\/api.w.org\/{rel}","templated":true}]}}