{"id":66316,"date":"2025-04-27T14:57:23","date_gmt":"2025-04-27T20:57:23","guid":{"rendered":"https:\/\/encuentroinformativo.com.mx\/?p=66316"},"modified":"2025-04-27T14:57:23","modified_gmt":"2025-04-27T20:57:23","slug":"motociclista-pierde-la-vida-en-choque-con-patrulla-en-boca-del-rio","status":"publish","type":"post","link":"https:\/\/encuentroinformativo.com.mx\/?p=66316","title":{"rendered":"Motociclista pierde la vida en choque con patrulla en Boca del R\u00edo"},"content":{"rendered":"<p><strong>Alejandro \u00c1vila<\/strong><\/p>\n<p><strong>Foto:<\/strong> Sergio Aldazaba\/Cortes\u00eda<\/p>\n<p>Boca del R\u00edo, Ver.- Un motociclista perdi\u00f3 la vida tras ser impactado por una patrulla de la Polic\u00eda Estatal este domingo en el municipio de Boca del R\u00edo.<\/p>\n<p>Los hechos ocurrieron aproximadamente al mediod\u00eda cuando la patrulla que circulaba sobre la avenida Costa Verde dobl\u00f3 hacia la calle Juan Pablo II e impact\u00f3 al joven motociclista quien se transportaba en una unidad deportiva color azul.<\/p>\n<p>Testigos aseguran que la unidad de la SSP tra\u00eda los c\u00f3digos y torreta encendidos pero se pas\u00f3 la luz roja del sem\u00e1foro, y fue as\u00ed que alcanz\u00f3 a impactar al motociclista y lo proyect\u00f3 hacia el camell\u00f3n central, donde perdi\u00f3 la vida, pr\u00e1cticamente al instante, mientras los elementos solicitaron el apoyo de una ambulancia.<\/p>\n<p>Param\u00e9dicos de la misma corporaci\u00f3n, arribaron minutos despu\u00e9s para tratar de brindarle los primeros auxilios a la agraviado, pero desafortunadamente ya s\u00f3lo pudieron confirmar que no contaba con signos vitales.<\/p>\n<p>Los agentes de la SSP acordonaron tres cuadras a la redonda para impedir la visibilidad de los medios de comunicaci\u00f3n y de todas las personas que pasaban por el lugar con intenciones de que se documentara lo menos posible lo ocurrido.<\/p>\n<p>Elementos de la polic\u00eda ministerial, llegaron para entrevistarse con los oficiales involucrados, mientras el personal de servicios periciales se encarg\u00f3 de realizar levantamiento del cuerpo.<\/p>\n","protected":false},"excerpt":{"rendered":"<p>Alejandro \u00c1vila Foto: Sergio Aldazaba\/Cortes\u00eda Boca del R\u00edo, Ver.- Un motociclista perdi\u00f3 la vida tras ser impactado por una patrulla de la Polic\u00eda Estatal este domingo en el municipio de Boca del R\u00edo. Los hechos ocurrieron aproximadamente al mediod\u00eda cuando la patrulla que circulaba sobre la avenida Costa Verde dobl\u00f3 hacia la calle Juan Pablo [&hellip;]<\/p>\n","protected":false},"author":2476,"featured_media":66317,"comment_status":"open","ping_status":"open","sticky":false,"template":"","format":"standard","meta":{"_jetpack_memberships_contains_paid_content":false,"footnotes":""},"categories":[2],"tags":[],"class_list":["post-66316","post","type-post","status-publish","format-standard","has-post-thumbnail","hentry","category-estado"],"jetpack_featured_media_url":"https:\/\/encuentroinformativo.com.mx\/wp-content\/uploads\/2025\/04\/IMG-20250427-WA0143.jpg","jetpack_sharing_enabled":true,"jetpack_likes_enabled":true,"amp_enabled":true,"_links":{"self":[{"href":"https:\/\/encuentroinformativo.com.mx\/index.php?rest_route=\/wp\/v2\/posts\/66316","targetHints":{"allow":["GET"]}}],"collection":[{"href":"https:\/\/encuentroinformativo.com.mx\/index.php?rest_route=\/wp\/v2\/posts"}],"about":[{"href":"https:\/\/encuentroinformativo.com.mx\/index.php?rest_route=\/wp\/v2\/types\/post"}],"author":[{"embeddable":true,"href":"https:\/\/encuentroinformativo.com.mx\/index.php?rest_route=\/wp\/v2\/users\/2476"}],"replies":[{"embeddable":true,"href":"https:\/\/encuentroinformativo.com.mx\/index.php?rest_route=%2Fwp%2Fv2%2Fcomments&post=66316"}],"version-history":[{"count":2,"href":"https:\/\/encuentroinformativo.com.mx\/index.php?rest_route=\/wp\/v2\/posts\/66316\/revisions"}],"predecessor-version":[{"id":66319,"href":"https:\/\/encuentroinformativo.com.mx\/index.php?rest_route=\/wp\/v2\/posts\/66316\/revisions\/66319"}],"wp:featuredmedia":[{"embeddable":true,"href":"https:\/\/encuentroinformativo.com.mx\/index.php?rest_route=\/wp\/v2\/media\/66317"}],"wp:attachment":[{"href":"https:\/\/encuentroinformativo.com.mx\/index.php?rest_route=%2Fwp%2Fv2%2Fmedia&parent=66316"}],"wp:term":[{"taxonomy":"category","embeddable":true,"href":"https:\/\/encuentroinformativo.com.mx\/index.php?rest_route=%2Fwp%2Fv2%2Fcategories&post=66316"},{"taxonomy":"post_tag","embeddable":true,"href":"https:\/\/encuentroinformativo.com.mx\/index.php?rest_route=%2Fwp%2Fv2%2Ftags&post=66316"}],"curies":[{"name":"wp","href":"https:\/\/api.w.org\/{rel}","templated":true}]}}