{"id":66324,"date":"2025-04-28T08:21:58","date_gmt":"2025-04-28T14:21:58","guid":{"rendered":"https:\/\/encuentroinformativo.com.mx\/?p=66324"},"modified":"2025-04-28T08:21:58","modified_gmt":"2025-04-28T14:21:58","slug":"participaran-ppls-en-jornada-electoral-para-elegir-alcaldes","status":"publish","type":"post","link":"https:\/\/encuentroinformativo.com.mx\/?p=66324","title":{"rendered":"Participar\u00e1n PPL\u2019s en jornada electoral para elegir alcaldes"},"content":{"rendered":"<p><strong>Elisa Aburto<\/strong><\/p>\n<p>Xalapa, Ver.- A diferencia de la jornada electoral del a\u00f1o pasado, Personas Privadas de Libertad (PPL) de los 17 Centros de Reinserci\u00f3n Social (Ceresos) del estado de Veracruz, podr\u00e1n emitir su voto para la contienda donde habr\u00e1n de renovarse las 212 alcald\u00edas de la entidad.<\/p>\n<p>As\u00ed lo inform\u00f3 Josu\u00e9 Cervantes Mart\u00ednez Vocal ejecutivo de la Junta Local del Instituto Nacional Electoral (INE) en Veracruz, quien record\u00f3 que para las personas que se encuentran en prisi\u00f3n preventiva la emisi\u00f3n del voto se realiza de manera anticipada.<\/p>\n<p>En ese sentido el funcionario reconoci\u00f3 que en esta ocasi\u00f3n han encontrado total disposici\u00f3n por parte de las autoridades del Gobierno del Estado para que el pr\u00f3ximo mes de mayo las personas que se encuentran en Ceresos puedan emitir su sufragio de manera anticipada.<\/p>\n<p>En entrevista para <strong>Encuentro Informativo<\/strong> se\u00f1al\u00f3: \u201cSe hizo la gesti\u00f3n con la gobernadora del Estado quien dio la anuencia y eso nos permiti\u00f3 el acercamiento con la Secretar\u00eda de Seguridad P\u00fablica con quien firmamos un convenio de apoyo y colaboraci\u00f3n, tanto el INE como el OPLE firmamos ese convenio y nos ha permitido ya disponer de todo lo necesario para que en pocos d\u00edas se acuda a los Ceresos del estado a recibir la votaci\u00f3n de estas personas que est\u00e1n privadas de libertad en prisi\u00f3n preventiva porque no han recibido una sentencia y por ello sus derechos civiles y pol\u00edticos est\u00e1n a salvo\u201d.<\/p>\n<p>Fue una buena respuesta y nos han dado toda la informaci\u00f3n necesaria, ya hicimos el cruce con la lista nominal, dijo.<\/p>\n<p>El responsable del Consejo Local del INE en Veracruz precis\u00f3 que al interior de los Ceresos \u00fanicamente emitir\u00e1n su voto por las presidencias municipales, pero no para los cargos del poder Judicial ni estatales ni federales. \u201cSolo ser\u00e1 para ayuntamientos\u2026 el a\u00f1o pasado no se pudo hacer en Veracruz por lo menos no en el \u00e1mbito estatal, si en el federal por las razones que en su momento expuso la autoridad competente\u201d.<\/p>\n<p>Cervantes Mart\u00ednez record\u00f3 que en el CEFERESO de Villa Aldama tambi\u00e9n se efectuar\u00e1 el proceso de voto anticipado para que las Personas Privadas de Libertad puedan emitir su voto.<\/p>\n","protected":false},"excerpt":{"rendered":"<p>Elisa Aburto Xalapa, Ver.- A diferencia de la jornada electoral del a\u00f1o pasado, Personas Privadas de Libertad (PPL) de los 17 Centros de Reinserci\u00f3n Social (Ceresos) del estado de Veracruz, podr\u00e1n emitir su voto para la contienda donde habr\u00e1n de renovarse las 212 alcald\u00edas de la entidad. As\u00ed lo inform\u00f3 Josu\u00e9 Cervantes Mart\u00ednez Vocal ejecutivo [&hellip;]<\/p>\n","protected":false},"author":2476,"featured_media":66325,"comment_status":"open","ping_status":"open","sticky":false,"template":"","format":"standard","meta":{"_jetpack_memberships_contains_paid_content":false,"footnotes":""},"categories":[2],"tags":[],"class_list":["post-66324","post","type-post","status-publish","format-standard","has-post-thumbnail","hentry","category-estado"],"jetpack_featured_media_url":"https:\/\/encuentroinformativo.com.mx\/wp-content\/uploads\/2025\/04\/IMG-20250424-WA0316.jpg","jetpack_sharing_enabled":true,"jetpack_likes_enabled":true,"amp_enabled":true,"_links":{"self":[{"href":"https:\/\/encuentroinformativo.com.mx\/index.php?rest_route=\/wp\/v2\/posts\/66324","targetHints":{"allow":["GET"]}}],"collection":[{"href":"https:\/\/encuentroinformativo.com.mx\/index.php?rest_route=\/wp\/v2\/posts"}],"about":[{"href":"https:\/\/encuentroinformativo.com.mx\/index.php?rest_route=\/wp\/v2\/types\/post"}],"author":[{"embeddable":true,"href":"https:\/\/encuentroinformativo.com.mx\/index.php?rest_route=\/wp\/v2\/users\/2476"}],"replies":[{"embeddable":true,"href":"https:\/\/encuentroinformativo.com.mx\/index.php?rest_route=%2Fwp%2Fv2%2Fcomments&post=66324"}],"version-history":[{"count":2,"href":"https:\/\/encuentroinformativo.com.mx\/index.php?rest_route=\/wp\/v2\/posts\/66324\/revisions"}],"predecessor-version":[{"id":66327,"href":"https:\/\/encuentroinformativo.com.mx\/index.php?rest_route=\/wp\/v2\/posts\/66324\/revisions\/66327"}],"wp:featuredmedia":[{"embeddable":true,"href":"https:\/\/encuentroinformativo.com.mx\/index.php?rest_route=\/wp\/v2\/media\/66325"}],"wp:attachment":[{"href":"https:\/\/encuentroinformativo.com.mx\/index.php?rest_route=%2Fwp%2Fv2%2Fmedia&parent=66324"}],"wp:term":[{"taxonomy":"category","embeddable":true,"href":"https:\/\/encuentroinformativo.com.mx\/index.php?rest_route=%2Fwp%2Fv2%2Fcategories&post=66324"},{"taxonomy":"post_tag","embeddable":true,"href":"https:\/\/encuentroinformativo.com.mx\/index.php?rest_route=%2Fwp%2Fv2%2Ftags&post=66324"}],"curies":[{"name":"wp","href":"https:\/\/api.w.org\/{rel}","templated":true}]}}