{"id":66337,"date":"2025-04-28T12:39:06","date_gmt":"2025-04-28T18:39:06","guid":{"rendered":"https:\/\/encuentroinformativo.com.mx\/?p=66337"},"modified":"2025-04-28T12:39:06","modified_gmt":"2025-04-28T18:39:06","slug":"aumentan-casos-de-cancer-infantil-en-veracruz","status":"publish","type":"post","link":"https:\/\/encuentroinformativo.com.mx\/?p=66337","title":{"rendered":"Aumentan casos de c\u00e1ncer infantil en Veracruz"},"content":{"rendered":"<p><strong>Dar\u00edo Pale<\/strong><\/p>\n<p>Xalapa, Ver.- El c\u00e1ncer infantil en Veracruz, desde el 2020, de acuerdo con el INEGI, es la primera causa de muerte en ni\u00f1os de 4 a 15 a\u00f1os, superando los accidentes, as\u00ed lo dio a conocer Diana Magnolia Reyes Morales, m\u00e9dico onc\u00f3logo pediatra y vocal sur de la agrupaci\u00f3n Mexicana de Onco-Hematolog\u00eda Pedi\u00e1trica (AMOHP).<\/p>\n<p>En conferencia de prensa dio a conocer que AMOHP y junto con Meraki invitaron al segundo congreso regional de onco-hematolog\u00eda pedi\u00e1trica del sureste, en el cual van a hablar del c\u00e1ncer infantil, sobre los signos y s\u00edntomas para hacer un diagn\u00f3stico temprano, dar tratamiento oportuno y dar nuevas directrices sobre el tratamiento de los ni\u00f1os con c\u00e1ncer.<\/p>\n<p>Se va a llevar a cabo en el puerto de Veracruz, en el auditorio del Hotel Emporio, los d\u00edas 29 y 30 de mayo, van a tener tres bloques, un bloque m\u00e9dico, un bloque de psicolog\u00eda y un bloque de enfermer\u00eda.<\/p>\n<p>\u201cEn el bloque m\u00e9dico vamos a hablar efectivamente sobre los signos y s\u00edntomas de c\u00e1ncer infantil. \u00bfPor qu\u00e9 es importante? Porque el c\u00e1ncer infantil en Veracruz, desde el 2020, de acuerdo con el INEGI, es la primera causa de muerte en ni\u00f1os de 4 a 15 a\u00f1os, superando los accidentes\u201d, se\u00f1al\u00f3.<\/p>\n<p>\u201cEntonces, imag\u00ednense la magnitud, pero muy pocos saben que el c\u00e1ncer existe en ni\u00f1os, existe y como es un problema muy grave, tambi\u00e9n tenemos que conocerlo, entonces, va dirigido al personal m\u00e9dico, al personal param\u00e9dico y a los que gusten sumarse de la sociedad en general\u201d, agreg\u00f3.<\/p>\n<p>Dijo que en Veracruz, las leucemias, que son el principal c\u00e1ncer, la mitad de los c\u00e1nceres infantiles, los linfomas, los tumores germinales, que se derivan del ovario y el test\u00edculo, y tambi\u00e9n los tumores del sistema nervioso central.<\/p>\n<p>Para la poblaci\u00f3n en general que tiene el estado de Veracruz, se esperar\u00edan 500 casos nuevos de c\u00e1ncer en ni\u00f1os, y el problema no es el n\u00famero, porque si lo comparamos con los de adultos, de cada 100, solo 3 a 5 son en ni\u00f1os.<\/p>\n<p>\u201cLa mortalidad es muy alta, muy alta, ronda aproximadamente en el pa\u00eds en el 45 por ciento m\u00e1s o menos la mortalidad, en el c\u00e1ncer infantil solamente un 10 por ciento tiene antecedentes hereditarios, el resto son de factores ambientales, como para hacer un pastel se necesitan muchos ingredientes, infecciones, cuestiones en el ambiente, como los ni\u00f1os est\u00e1n en crecimiento y es un crecimiento r\u00e1pido, cualquier cosa puede salir mal y generarse un c\u00e1ncer\u201d, detall\u00f3.<\/p>\n<p>Coment\u00f3 que a diferencia de los adultos es dif\u00edcil prevenirlo, su papel principal es diagnosticarlo tempranamente y para eso les ayudan todos, hay muchos ni\u00f1os que son referidos por m\u00e9dicos, por sus secretarias, por el huesero, entonces eso les habla de que cada vez m\u00e1s la sociedad sabe que el c\u00e1ncer en ni\u00f1os se puede dar.<\/p>\n<p>Algunos de los s\u00edntomas que pueden presentar y poder detectar a tiempo la enfermedad son, \u201csi los ni\u00f1os pierden la actividad que normalmente tienen, ya ve que son s\u00faper inquietos, si dejan de jugar, si se la pasan acostados, prefieren estar acostados, si se ponen p\u00e1lidos, una palidez que no cede aunque les den tratamientos con hierro, que tengan fiebre, que les salgan puntitos rojos\u201d.<\/p>\n<p>Lamentablemente esta enfermedad ha ido en aumento en toda la rep\u00fablica y cl\u00e1sicamente en Veracruz, era la segunda causa de muerte despu\u00e9s de los accidentes, la primera por enfermedad, pero el que desde el 2020 sea la primera causa de muerte, y ahora, \u00bfpor qu\u00e9 esta mortalidad tan alta? Muchos de los ni\u00f1os les llegan en etapas tard\u00edas, en etapas avanzadas.<\/p>\n<p>\u201cSon cuatro etapas, \u00bfno? Tres y cuatro son etapas avanzadas, y si nos llegan en esas etapas, esto implica que los tratamientos van a ser mucho m\u00e1s agresivos, las cirug\u00edas m\u00e1s mutilantes, y pues en muchos de ellos ya van a tener complicaciones que ponen en peligro su vida, entonces hay que diagnosticarlas tempranamente hay que desarrollar el arte de diagnosticarlas tempranamente\u201d, dijo en la conferencia.<\/p>\n<p>Por lo anterior recomend\u00f3 que los ni\u00f1os tienen que acudir al m\u00e9dico generales y pediatras dos veces al a\u00f1o, pero lamentablemente el c\u00e1ncer en los menores son agudos, lo que quiere decir es que puedan acabar de ir con el m\u00e9dico y al d\u00eda siguiente o la semana siguiente desarrollar s\u00edntomas de c\u00e1ncer, porque son muy agudos, en un plazo de d\u00edas o unas pocas semanas puede presentarse los s\u00edntomas, entonces hay que estar muy al pendiente de los ni\u00f1os.<\/p>\n<p>Si ven alguna alteraci\u00f3n en su desarrollo, en su comportamiento, en sus actividades, hay que prestar mucha atenci\u00f3n, hacerlos revisar por el m\u00e9dico de primer contacto y si hay alguna duda, ellos en las unidades que atienden, tienen ni\u00f1os con c\u00e1ncer de la Secretar\u00eda de Salud de aqu\u00ed de Veracruz, que son cinco.<\/p>\n<p>Atienden en Coatzacoalcos, Poza Rica, R\u00edo Blanco, el puerto de Veracruz y Xalapa, y est\u00e1n muy atentos para atender a los ni\u00f1os a\u00fan con la sospecha, si tienen dudas, pues hay que atenderlos, hay que evaluarlos.<\/p>\n<p>Finalmente coment\u00f3 que donde m\u00e1s se presentan estos casos son en las grandes ciudades, hace a\u00f1os se hizo un mapa epidemiol\u00f3gico y se ha visto que alrededor de Xalapa, Veracruz y Coatzacoalcos son los centros donde hay unidades m\u00e9dicas para la atenci\u00f3n de los ni\u00f1os con c\u00e1ncer.<\/p>\n","protected":false},"excerpt":{"rendered":"<p>Dar\u00edo Pale Xalapa, Ver.- El c\u00e1ncer infantil en Veracruz, desde el 2020, de acuerdo con el INEGI, es la primera causa de muerte en ni\u00f1os de 4 a 15 a\u00f1os, superando los accidentes, as\u00ed lo dio a conocer Diana Magnolia Reyes Morales, m\u00e9dico onc\u00f3logo pediatra y vocal sur de la agrupaci\u00f3n Mexicana de Onco-Hematolog\u00eda Pedi\u00e1trica [&hellip;]<\/p>\n","protected":false},"author":2476,"featured_media":66338,"comment_status":"open","ping_status":"open","sticky":false,"template":"","format":"standard","meta":{"_jetpack_memberships_contains_paid_content":false,"footnotes":""},"categories":[9],"tags":[],"class_list":["post-66337","post","type-post","status-publish","format-standard","has-post-thumbnail","hentry","category-salud"],"jetpack_featured_media_url":"https:\/\/encuentroinformativo.com.mx\/wp-content\/uploads\/2025\/04\/IMG-20250428-WA0047.jpg","jetpack_sharing_enabled":true,"jetpack_likes_enabled":true,"amp_enabled":true,"_links":{"self":[{"href":"https:\/\/encuentroinformativo.com.mx\/index.php?rest_route=\/wp\/v2\/posts\/66337","targetHints":{"allow":["GET"]}}],"collection":[{"href":"https:\/\/encuentroinformativo.com.mx\/index.php?rest_route=\/wp\/v2\/posts"}],"about":[{"href":"https:\/\/encuentroinformativo.com.mx\/index.php?rest_route=\/wp\/v2\/types\/post"}],"author":[{"embeddable":true,"href":"https:\/\/encuentroinformativo.com.mx\/index.php?rest_route=\/wp\/v2\/users\/2476"}],"replies":[{"embeddable":true,"href":"https:\/\/encuentroinformativo.com.mx\/index.php?rest_route=%2Fwp%2Fv2%2Fcomments&post=66337"}],"version-history":[{"count":1,"href":"https:\/\/encuentroinformativo.com.mx\/index.php?rest_route=\/wp\/v2\/posts\/66337\/revisions"}],"predecessor-version":[{"id":66339,"href":"https:\/\/encuentroinformativo.com.mx\/index.php?rest_route=\/wp\/v2\/posts\/66337\/revisions\/66339"}],"wp:featuredmedia":[{"embeddable":true,"href":"https:\/\/encuentroinformativo.com.mx\/index.php?rest_route=\/wp\/v2\/media\/66338"}],"wp:attachment":[{"href":"https:\/\/encuentroinformativo.com.mx\/index.php?rest_route=%2Fwp%2Fv2%2Fmedia&parent=66337"}],"wp:term":[{"taxonomy":"category","embeddable":true,"href":"https:\/\/encuentroinformativo.com.mx\/index.php?rest_route=%2Fwp%2Fv2%2Fcategories&post=66337"},{"taxonomy":"post_tag","embeddable":true,"href":"https:\/\/encuentroinformativo.com.mx\/index.php?rest_route=%2Fwp%2Fv2%2Ftags&post=66337"}],"curies":[{"name":"wp","href":"https:\/\/api.w.org\/{rel}","templated":true}]}}