{"id":6634,"date":"2020-10-07T14:10:07","date_gmt":"2020-10-07T19:10:07","guid":{"rendered":"https:\/\/encuentroinformativo.com.mx\/?p=6634"},"modified":"2020-10-07T14:10:14","modified_gmt":"2020-10-07T19:10:14","slug":"demandan-colonos-servicios-basicos-en-el-coyol","status":"publish","type":"post","link":"https:\/\/encuentroinformativo.com.mx\/?p=6634","title":{"rendered":"Demandan colonos servicios b\u00e1sicos en El Coyol"},"content":{"rendered":"\n<p><strong>Alejandro \u00c1vila<\/strong><\/p>\n\n\n\n<p>Veracruz, Ver.- La colonia el Coyol con m\u00e1s de 70 a\u00f1os de existencia, sigue teniendo deficiencia en los servicios b\u00e1sicos, motivo por el cual esta ma\u00f1ana de miercoles los vecinos no aguantaron m\u00e1s y se manifestaron frente a la obra de restauraci\u00f3n de la avenida Sugasti.<\/p>\n\n\n\n<p>La se\u00f1ora Marcela Ram\u00edrez Fern\u00e1ndez, una de las afectadas, mencion\u00f3 que a pesar de pagar predial y agua, los servicios son nulos o deficientes; la colonia no cuenta en muchas calles con drenaje y el transporte p\u00fablico es deficiente.&nbsp;<\/p>\n\n\n\n<p>\u201cEsta colonia paga todos los impuestos, paga agua, paga predial, para lo que es el drenaje p\u00fablico, sin embargo no hay agua, no tenemos transporte p\u00fablico, las calles si ustedes entran son hoyos, todas las calles aleda\u00f1as son hoyos de aguas pluviales\u201d, acus\u00f3.<\/p>\n\n\n\n<p>Problemas m\u00e1s graves se dan durante la \u00e9poca de lluvias, pues el drenaje pluvial se junta con las aguas negras y esto brota por las calles.&nbsp;<\/p>\n\n\n\n<p>\u201cNo estamos pidiendo nada que como humanos nos merecemos, que se nos den estos servicios\u201d, sentenci\u00f3.&nbsp;<\/p>\n\n\n\n<p>Lorenzo Cruz Ponce, dijo que se encuentran en el olvido a pesar de que se trata de una colonia que tiene muchos a\u00f1os de existir.&nbsp;<\/p>\n\n\n\n<p>\u201cA colonias que son m\u00e1s nuevas de la colonia el Coyol est\u00e1n viendo todos los beneficios habidos y por haber (\u2026) estamos olvidados y yo creo que ya basta de estar callados por eso estamos hoy aqu\u00ed haciendo uso de esta manifestaci\u00f3n civil para que nos escuchen que tambi\u00e9n tenemos necesidades\u201d, culmin\u00f3.<\/p>\n\n\n\n<figure class=\"wp-block-image size-large\"><img loading=\"lazy\" decoding=\"async\" width=\"1024\" height=\"491\" src=\"https:\/\/encuentroinformativo.com.mx\/wp-content\/uploads\/2020\/10\/54EA97D2-C76D-4C42-BFE5-CC468453BD99-1024x491.jpeg\" alt=\"\" class=\"wp-image-6636\" srcset=\"https:\/\/encuentroinformativo.com.mx\/wp-content\/uploads\/2020\/10\/54EA97D2-C76D-4C42-BFE5-CC468453BD99-1024x491.jpeg 1024w, https:\/\/encuentroinformativo.com.mx\/wp-content\/uploads\/2020\/10\/54EA97D2-C76D-4C42-BFE5-CC468453BD99-300x144.jpeg 300w, https:\/\/encuentroinformativo.com.mx\/wp-content\/uploads\/2020\/10\/54EA97D2-C76D-4C42-BFE5-CC468453BD99-768x368.jpeg 768w, https:\/\/encuentroinformativo.com.mx\/wp-content\/uploads\/2020\/10\/54EA97D2-C76D-4C42-BFE5-CC468453BD99.jpeg 1280w\" sizes=\"auto, (max-width: 1024px) 100vw, 1024px\" \/><\/figure>\n","protected":false},"excerpt":{"rendered":"<p>Alejandro \u00c1vila Veracruz, Ver.- La colonia el Coyol con m\u00e1s de 70 a\u00f1os de existencia, sigue teniendo deficiencia en los servicios b\u00e1sicos, motivo por el cual esta ma\u00f1ana de miercoles los vecinos no aguantaron m\u00e1s y se manifestaron frente a la obra de restauraci\u00f3n de la avenida Sugasti. La se\u00f1ora Marcela Ram\u00edrez Fern\u00e1ndez, una de [&hellip;]<\/p>\n","protected":false},"author":1,"featured_media":6635,"comment_status":"open","ping_status":"open","sticky":false,"template":"","format":"standard","meta":{"_jetpack_memberships_contains_paid_content":false,"footnotes":""},"categories":[2],"tags":[],"class_list":["post-6634","post","type-post","status-publish","format-standard","has-post-thumbnail","hentry","category-estado"],"jetpack_featured_media_url":"https:\/\/encuentroinformativo.com.mx\/wp-content\/uploads\/2020\/10\/3C13455F-7C19-4811-A3EB-4FEB25F3D2B0.jpeg","jetpack_sharing_enabled":true,"jetpack_likes_enabled":true,"amp_enabled":true,"_links":{"self":[{"href":"https:\/\/encuentroinformativo.com.mx\/index.php?rest_route=\/wp\/v2\/posts\/6634","targetHints":{"allow":["GET"]}}],"collection":[{"href":"https:\/\/encuentroinformativo.com.mx\/index.php?rest_route=\/wp\/v2\/posts"}],"about":[{"href":"https:\/\/encuentroinformativo.com.mx\/index.php?rest_route=\/wp\/v2\/types\/post"}],"author":[{"embeddable":true,"href":"https:\/\/encuentroinformativo.com.mx\/index.php?rest_route=\/wp\/v2\/users\/1"}],"replies":[{"embeddable":true,"href":"https:\/\/encuentroinformativo.com.mx\/index.php?rest_route=%2Fwp%2Fv2%2Fcomments&post=6634"}],"version-history":[{"count":1,"href":"https:\/\/encuentroinformativo.com.mx\/index.php?rest_route=\/wp\/v2\/posts\/6634\/revisions"}],"predecessor-version":[{"id":6637,"href":"https:\/\/encuentroinformativo.com.mx\/index.php?rest_route=\/wp\/v2\/posts\/6634\/revisions\/6637"}],"wp:featuredmedia":[{"embeddable":true,"href":"https:\/\/encuentroinformativo.com.mx\/index.php?rest_route=\/wp\/v2\/media\/6635"}],"wp:attachment":[{"href":"https:\/\/encuentroinformativo.com.mx\/index.php?rest_route=%2Fwp%2Fv2%2Fmedia&parent=6634"}],"wp:term":[{"taxonomy":"category","embeddable":true,"href":"https:\/\/encuentroinformativo.com.mx\/index.php?rest_route=%2Fwp%2Fv2%2Fcategories&post=6634"},{"taxonomy":"post_tag","embeddable":true,"href":"https:\/\/encuentroinformativo.com.mx\/index.php?rest_route=%2Fwp%2Fv2%2Ftags&post=6634"}],"curies":[{"name":"wp","href":"https:\/\/api.w.org\/{rel}","templated":true}]}}