{"id":66350,"date":"2025-04-28T14:56:01","date_gmt":"2025-04-28T20:56:01","guid":{"rendered":"https:\/\/encuentroinformativo.com.mx\/?p=66350"},"modified":"2025-04-28T14:56:01","modified_gmt":"2025-04-28T20:56:01","slug":"reporta-guardia-nacional-saldo-blanco-en-vacaciones-de-semana-santa","status":"publish","type":"post","link":"https:\/\/encuentroinformativo.com.mx\/?p=66350","title":{"rendered":"Reporta Guardia Nacional saldo blanco en vacaciones de Semana Santa"},"content":{"rendered":"<p><strong>Dar\u00edo Pale<\/strong><\/p>\n<p>Xalapa, Ver.- Por el operativo de Semana Santa la Guardia Nacional y la Secretar\u00eda de la Defensa Nacional (DEFENSA), reportaron saldo blanco, solo dieron atenciones a turistas y ni\u00f1os perdidos, asi lo dio a conocer el Sub Jefe de Estado Mayor de la 26\u00aa Unidad Militar y encargado de la C\u00e9dula de Vocer\u00eda de la Unidad Militar, F\u00e9lix Antonio Fonseca Jim\u00e9nez.<\/p>\n<p>En conferencia de prensa inform\u00f3 que por el operativo de Semana Santa, se atendieron a 322 ciudadanos, la mayor\u00eda con informaci\u00f3n tur\u00edstica.<\/p>\n<p>&#8220;Solamente hubo 6 asuntos de alg\u00fan auxilio adicional, una persona que tuvo una luxaci\u00f3n, tres personas perdieron a sus menores&#8221;, se\u00f1al\u00f3.<\/p>\n<p>El militar precis\u00f3 que la intenci\u00f3n es que la ciudadan\u00eda tenga confianza &#8220;y vamos a estar presentes siempre con la Guardia Nacional y la Defensa Nacional&#8221;.<\/p>\n<p>En el estado, destac\u00f3, se registr\u00f3 un importante n\u00famero de turistas, por lo que tambi\u00e9n se reforz\u00f3 la seguridad en carreteras.<\/p>\n<p>&#8220;Se esforz\u00f3 con atenci\u00f3n en carreteras, estuvieron en m\u00f3dulos en todas las casetas de peaje, afortunadamente no hubo hechos lamentables&#8221;, coment\u00f3.<\/p>\n<p>Finalmente precis\u00f3 que los ciudadanos constataron el trabajo de La Guardia Nacional y de la DEFENSA para la atenci\u00f3n oportuna, &#8220;el ciudadano se dio cuenta que estuvimos al pendientes&#8221;.<\/p>\n","protected":false},"excerpt":{"rendered":"<p>Dar\u00edo Pale Xalapa, Ver.- Por el operativo de Semana Santa la Guardia Nacional y la Secretar\u00eda de la Defensa Nacional (DEFENSA), reportaron saldo blanco, solo dieron atenciones a turistas y ni\u00f1os perdidos, asi lo dio a conocer el Sub Jefe de Estado Mayor de la 26\u00aa Unidad Militar y encargado de la C\u00e9dula de Vocer\u00eda [&hellip;]<\/p>\n","protected":false},"author":2476,"featured_media":66351,"comment_status":"open","ping_status":"open","sticky":false,"template":"","format":"standard","meta":{"_jetpack_memberships_contains_paid_content":false,"footnotes":""},"categories":[2],"tags":[],"class_list":["post-66350","post","type-post","status-publish","format-standard","has-post-thumbnail","hentry","category-estado"],"jetpack_featured_media_url":"https:\/\/encuentroinformativo.com.mx\/wp-content\/uploads\/2025\/04\/IMG-20250428-WA0219.jpg","jetpack_sharing_enabled":true,"jetpack_likes_enabled":true,"amp_enabled":true,"_links":{"self":[{"href":"https:\/\/encuentroinformativo.com.mx\/index.php?rest_route=\/wp\/v2\/posts\/66350","targetHints":{"allow":["GET"]}}],"collection":[{"href":"https:\/\/encuentroinformativo.com.mx\/index.php?rest_route=\/wp\/v2\/posts"}],"about":[{"href":"https:\/\/encuentroinformativo.com.mx\/index.php?rest_route=\/wp\/v2\/types\/post"}],"author":[{"embeddable":true,"href":"https:\/\/encuentroinformativo.com.mx\/index.php?rest_route=\/wp\/v2\/users\/2476"}],"replies":[{"embeddable":true,"href":"https:\/\/encuentroinformativo.com.mx\/index.php?rest_route=%2Fwp%2Fv2%2Fcomments&post=66350"}],"version-history":[{"count":1,"href":"https:\/\/encuentroinformativo.com.mx\/index.php?rest_route=\/wp\/v2\/posts\/66350\/revisions"}],"predecessor-version":[{"id":66352,"href":"https:\/\/encuentroinformativo.com.mx\/index.php?rest_route=\/wp\/v2\/posts\/66350\/revisions\/66352"}],"wp:featuredmedia":[{"embeddable":true,"href":"https:\/\/encuentroinformativo.com.mx\/index.php?rest_route=\/wp\/v2\/media\/66351"}],"wp:attachment":[{"href":"https:\/\/encuentroinformativo.com.mx\/index.php?rest_route=%2Fwp%2Fv2%2Fmedia&parent=66350"}],"wp:term":[{"taxonomy":"category","embeddable":true,"href":"https:\/\/encuentroinformativo.com.mx\/index.php?rest_route=%2Fwp%2Fv2%2Fcategories&post=66350"},{"taxonomy":"post_tag","embeddable":true,"href":"https:\/\/encuentroinformativo.com.mx\/index.php?rest_route=%2Fwp%2Fv2%2Ftags&post=66350"}],"curies":[{"name":"wp","href":"https:\/\/api.w.org\/{rel}","templated":true}]}}