{"id":66361,"date":"2025-04-28T20:32:08","date_gmt":"2025-04-29T02:32:08","guid":{"rendered":"https:\/\/encuentroinformativo.com.mx\/?p=66361"},"modified":"2025-04-28T20:32:08","modified_gmt":"2025-04-29T02:32:08","slug":"busca-congreso-ampliar-atribuciones-legales-para-el-delito-de-encubrimiento","status":"publish","type":"post","link":"https:\/\/encuentroinformativo.com.mx\/?p=66361","title":{"rendered":"Busca Congreso ampliar atribuciones legales para el delito de encubrimiento"},"content":{"rendered":"<p><strong>* Diputadas Tanya Carola Viveros Ch\u00e1zaro y Astrid S\u00e1nchez Moguel analizan en mesa de trabajo con colectivos, Poder Judicial, CEDHV e IVM, una propuesta de iniciativa contra este delito.<\/strong><\/p>\n<p style=\"font-weight: 400;\">Xalapa, Ver.- Con la finalidad de incorporar en el C\u00f3digo Penal del estado diversas disposiciones que permitan ampliar las causales y sanciones en relaci\u00f3n con el delito de encubrimiento por favorecimiento, la presidenta de la Mesa Directiva de la LXVII Legislatura, diputada Tanya Carola Viveros Ch\u00e1zaro y la presidenta de la Comisi\u00f3n Permanente para la Igualdad de G\u00e9nero, legisladora Astrid S\u00e1nchez Moguel, iniciaron los trabajos para el an\u00e1lisis de una propuesta de iniciativa.<\/p>\n<p style=\"font-weight: 400;\">Al agradecer la participaci\u00f3n de autoridades del Poder Judicial, de la Comisi\u00f3n Estatal de Derechos Humanos de Veracruz (CEDHV), del Instituto Veracruzano de las Mujeres (IVM), integrantes de colectivos feministas y especialistas en el tema, la legisladora Viveros Ch\u00e1zaro expres\u00f3 que las aportaciones t\u00e9cnicas realizadas por cada una de las partes involucradas contribuir\u00e1 a enriquecer la propuesta de reforma que ser\u00e1 presentada en su momento ente el Pleno de la LXVII Legislatura.<\/p>\n<p style=\"font-weight: 400;\">En su participaci\u00f3n, la diputada Astrid S\u00e1nchez Moguel indic\u00f3 que las contribuciones referidas por los expertos y colectivos, ser\u00e1n tomadas en cuenta para ser estudiadas, y en su caso, integradas al proyecto de iniciativa, para que en un pr\u00f3ximo encuentro, ser nuevamente analizadas por todas las partes.<\/p>\n<p style=\"font-weight: 400;\">\u201cSi bien estamos avanzando a\u00fan hay un rezago en cuanto a este tema y a esta lucha que se viene dando durante muchos a\u00f1os. Estamos trabajando de manera coordinada para darle voz a los colectivos y grupos que muchas veces son silenciados o segregados\u201d, concluy\u00f3 la legisladora.<\/p>\n<p style=\"font-weight: 400;\">En la reuni\u00f3n estuvieron presentes, en representaci\u00f3n del Poder Judicial de Veracruz, el magistrado Esteban Mart\u00ednez V\u00e1zquez;\u00a0 el secretario general de Acuerdos, Gerardo Escobedo Garc\u00eda; el secretario de Estudio y Cuenta de la Primera Sala en materia Penal, Jos\u00e9 Iv\u00e1n Cruz Dur\u00e1n; el director de Asuntos Jur\u00eddicos de la Comisi\u00f3n Estatal de los Derechos Humanos de Veracruz (CEDHV), Miguel \u00c1ngel C\u00f3rdova \u00c1lvarez;\u00a0 la directora del Instituto Veracruzano de las Mujeres (IVM), Zaira Fabiola del Toro Olivares y v\u00eda remota del<strong>\u00a0<\/strong>Observatorio Ciudadano Nacional del Feminicidio, Metzeri \u00c1vila San Mart\u00edn.<\/p>\n<p style=\"font-weight: 400;\">Adem\u00e1s, integrantes de las colectivas Akelarre AC, Colmena Verde, Sobrevivientes de Feminicidio AC, Radio Defensoras, Pro Mujeres Veracruz, Red Nacional de Defensoras, Red Jacaranda, entre otros, as\u00ed como asesores y personal administrativo del Poder Legislativo de Veracruz.<\/p>\n","protected":false},"excerpt":{"rendered":"<p>* Diputadas Tanya Carola Viveros Ch\u00e1zaro y Astrid S\u00e1nchez Moguel analizan en mesa de trabajo con colectivos, Poder Judicial, CEDHV e IVM, una propuesta de iniciativa contra este delito. Xalapa, Ver.- Con la finalidad de incorporar en el C\u00f3digo Penal del estado diversas disposiciones que permitan ampliar las causales y sanciones en relaci\u00f3n con el [&hellip;]<\/p>\n","protected":false},"author":2476,"featured_media":66362,"comment_status":"open","ping_status":"open","sticky":false,"template":"","format":"standard","meta":{"_jetpack_memberships_contains_paid_content":false,"footnotes":""},"categories":[2],"tags":[],"class_list":["post-66361","post","type-post","status-publish","format-standard","has-post-thumbnail","hentry","category-estado"],"jetpack_featured_media_url":"https:\/\/encuentroinformativo.com.mx\/wp-content\/uploads\/2025\/04\/NOV28ABRIL2025TANYA1.jpeg","jetpack_sharing_enabled":true,"jetpack_likes_enabled":true,"amp_enabled":true,"_links":{"self":[{"href":"https:\/\/encuentroinformativo.com.mx\/index.php?rest_route=\/wp\/v2\/posts\/66361","targetHints":{"allow":["GET"]}}],"collection":[{"href":"https:\/\/encuentroinformativo.com.mx\/index.php?rest_route=\/wp\/v2\/posts"}],"about":[{"href":"https:\/\/encuentroinformativo.com.mx\/index.php?rest_route=\/wp\/v2\/types\/post"}],"author":[{"embeddable":true,"href":"https:\/\/encuentroinformativo.com.mx\/index.php?rest_route=\/wp\/v2\/users\/2476"}],"replies":[{"embeddable":true,"href":"https:\/\/encuentroinformativo.com.mx\/index.php?rest_route=%2Fwp%2Fv2%2Fcomments&post=66361"}],"version-history":[{"count":1,"href":"https:\/\/encuentroinformativo.com.mx\/index.php?rest_route=\/wp\/v2\/posts\/66361\/revisions"}],"predecessor-version":[{"id":66363,"href":"https:\/\/encuentroinformativo.com.mx\/index.php?rest_route=\/wp\/v2\/posts\/66361\/revisions\/66363"}],"wp:featuredmedia":[{"embeddable":true,"href":"https:\/\/encuentroinformativo.com.mx\/index.php?rest_route=\/wp\/v2\/media\/66362"}],"wp:attachment":[{"href":"https:\/\/encuentroinformativo.com.mx\/index.php?rest_route=%2Fwp%2Fv2%2Fmedia&parent=66361"}],"wp:term":[{"taxonomy":"category","embeddable":true,"href":"https:\/\/encuentroinformativo.com.mx\/index.php?rest_route=%2Fwp%2Fv2%2Fcategories&post=66361"},{"taxonomy":"post_tag","embeddable":true,"href":"https:\/\/encuentroinformativo.com.mx\/index.php?rest_route=%2Fwp%2Fv2%2Ftags&post=66361"}],"curies":[{"name":"wp","href":"https:\/\/api.w.org\/{rel}","templated":true}]}}