{"id":66364,"date":"2025-04-28T21:12:45","date_gmt":"2025-04-29T03:12:45","guid":{"rendered":"https:\/\/encuentroinformativo.com.mx\/?p=66364"},"modified":"2025-04-28T21:12:45","modified_gmt":"2025-04-29T03:12:45","slug":"cameintram-se-reunio-con-comision-de-marina-en-san-lazaro","status":"publish","type":"post","link":"https:\/\/encuentroinformativo.com.mx\/?p=66364","title":{"rendered":"CAMEINTRAM se reuni\u00f3 con comisi\u00f3n de Marina en San L\u00e1zaro"},"content":{"rendered":"<p><strong>Alejandro \u00c1vila<\/strong><\/p>\n<p>Veracruz, Ver.- Con el fin de fortalecer el di\u00e1logo entre la C\u00e1mara Mexicana de la Industria del Transporte Mar\u00edtimo (CAMEINTRAM) y los integrantes de la Comisi\u00f3n de Marina de la C\u00e1mara de Diputados de la LXVI Legislatura, presidida por el Diputado Federal Humberto Coss y Le\u00f3n Z\u00fa\u00f1iga, se celebr\u00f3 una reuni\u00f3n de trabajo en el Palacio Legislativo de San L\u00e1zaro.<\/p>\n<p>El diputado Coss y Le\u00f3n Z\u00fa\u00f1iga, manifest\u00f3 su inter\u00e9s y compromiso de mantener abiertos los canales de comunicaci\u00f3n con la CAMEINTRAM, y trabajar en conjunto con la C\u00e1mara de Diputados, especialmente con la Comisi\u00f3n de Marina para hacer frente a los retos que demanda el sector mar\u00edtimo de M\u00e9xico.<\/p>\n<p>Del mismo modo, hizo un reconocimiento a los nuevos integrantes del Consejo Nacional Directivo de la CAMEINTRAM, y en especial al ingeniero, Jos\u00e9 Manuel Urreta Ortega, por su reciente nombramiento como presidente de la C\u00e1mara.<\/p>\n<p>Por su parte, Jos\u00e9 Manuel Urreta Ortega celebr\u00f3 este primer acercamiento con el poder legislativo liderando a la CAMEINTRAM, donde tuvo la oportunidad de presentar su Programa de Labores 2025, destacando que existen Comisiones de Trabajo dentro de la C\u00e1mara para desarrollar cada uno de los proyectos del Programa.<\/p>\n<p>\u201cVarios de los proyectos plasmados en el Plan de Trabajo resultan indispensables trabajar en equipo con la Comisi\u00f3n de Marina, a fin de tener certeza jur\u00eddica y Estado de Derecho, en temas relativos como el desarrollo del cabotaje, el incentivar la construcci\u00f3n naval en el pa\u00eds, la descarbonizaci\u00f3n del sector mar\u00edtimo-portuario, la participaci\u00f3n del sector mar\u00edtimo en el proyecto del Corredor Interoce\u00e1nico del Istmo de Tehuantepec y el continuar impulsando 1el transporte mar\u00edtimo mediante est\u00edmulos fiscales\u201d, se\u00f1al\u00f3 Jos\u00e9 Manuel Urreta Ortega.<\/p>\n<p>Por su parte, diputados integrantes de la Comisi\u00f3n de Marina, hicieron menci\u00f3n que est\u00e1 abierta la C\u00e1mara de Diputados para escuchar y recibir las propuestas que el sector mar\u00edtimo demande, a fin de llevar a buen puerto el desarrollo de la industria mar\u00edtima<br \/>\nnacional.<\/p>\n<p>A su vez, la diputada Gabriela Benavidez Cobos, integrante de la<br \/>\nComisi\u00f3n, celebr\u00f3 la visi\u00f3n de la C\u00e1mara por continuar impulsando el cabotaje en el pa\u00eds, y ofreci\u00f3 una comunicaci\u00f3n permanente para<br \/>\natender temas como la descarbonizaci\u00f3n del sector mar\u00edtimo-portuario, ya que el transporte mar\u00edtimo es el modo de transporte menos contaminante.<\/p>\n<p>Finalmente, como acuerdo entre la CAMEINTRAM y el presidente de la Comisi\u00f3n, el Diputado Coss y Le\u00f3n Z\u00fa\u00f1iga, se trabajar\u00e1 en equipo mediante el di\u00e1logo constructivo a fin de impulsar propuestas legislativas para incentivar a la Marina Mercante Mexicana, as\u00ed como otros intereses mar\u00edtimos, lo que permitir\u00e1 lograr el consenso y los acuerdos necesarios para llevar a buen puerto al sector mar\u00edtimo de<br \/>\nM\u00e9xico.<\/p>\n","protected":false},"excerpt":{"rendered":"<p>Alejandro \u00c1vila Veracruz, Ver.- Con el fin de fortalecer el di\u00e1logo entre la C\u00e1mara Mexicana de la Industria del Transporte Mar\u00edtimo (CAMEINTRAM) y los integrantes de la Comisi\u00f3n de Marina de la C\u00e1mara de Diputados de la LXVI Legislatura, presidida por el Diputado Federal Humberto Coss y Le\u00f3n Z\u00fa\u00f1iga, se celebr\u00f3 una reuni\u00f3n de trabajo [&hellip;]<\/p>\n","protected":false},"author":2476,"featured_media":66365,"comment_status":"open","ping_status":"open","sticky":false,"template":"","format":"standard","meta":{"_jetpack_memberships_contains_paid_content":false,"footnotes":""},"categories":[12],"tags":[],"class_list":["post-66364","post","type-post","status-publish","format-standard","has-post-thumbnail","hentry","category-nacional"],"jetpack_featured_media_url":"https:\/\/encuentroinformativo.com.mx\/wp-content\/uploads\/2025\/04\/IMG-20250428-WA03192.jpg","jetpack_sharing_enabled":true,"jetpack_likes_enabled":true,"amp_enabled":true,"_links":{"self":[{"href":"https:\/\/encuentroinformativo.com.mx\/index.php?rest_route=\/wp\/v2\/posts\/66364","targetHints":{"allow":["GET"]}}],"collection":[{"href":"https:\/\/encuentroinformativo.com.mx\/index.php?rest_route=\/wp\/v2\/posts"}],"about":[{"href":"https:\/\/encuentroinformativo.com.mx\/index.php?rest_route=\/wp\/v2\/types\/post"}],"author":[{"embeddable":true,"href":"https:\/\/encuentroinformativo.com.mx\/index.php?rest_route=\/wp\/v2\/users\/2476"}],"replies":[{"embeddable":true,"href":"https:\/\/encuentroinformativo.com.mx\/index.php?rest_route=%2Fwp%2Fv2%2Fcomments&post=66364"}],"version-history":[{"count":1,"href":"https:\/\/encuentroinformativo.com.mx\/index.php?rest_route=\/wp\/v2\/posts\/66364\/revisions"}],"predecessor-version":[{"id":66366,"href":"https:\/\/encuentroinformativo.com.mx\/index.php?rest_route=\/wp\/v2\/posts\/66364\/revisions\/66366"}],"wp:featuredmedia":[{"embeddable":true,"href":"https:\/\/encuentroinformativo.com.mx\/index.php?rest_route=\/wp\/v2\/media\/66365"}],"wp:attachment":[{"href":"https:\/\/encuentroinformativo.com.mx\/index.php?rest_route=%2Fwp%2Fv2%2Fmedia&parent=66364"}],"wp:term":[{"taxonomy":"category","embeddable":true,"href":"https:\/\/encuentroinformativo.com.mx\/index.php?rest_route=%2Fwp%2Fv2%2Fcategories&post=66364"},{"taxonomy":"post_tag","embeddable":true,"href":"https:\/\/encuentroinformativo.com.mx\/index.php?rest_route=%2Fwp%2Fv2%2Ftags&post=66364"}],"curies":[{"name":"wp","href":"https:\/\/api.w.org\/{rel}","templated":true}]}}