{"id":66367,"date":"2025-04-29T08:55:37","date_gmt":"2025-04-29T14:55:37","guid":{"rendered":"https:\/\/encuentroinformativo.com.mx\/?p=66367"},"modified":"2025-04-29T08:55:37","modified_gmt":"2025-04-29T14:55:37","slug":"pide-ople-no-incurrir-en-violencia-politica-de-genero-durante-campanas","status":"publish","type":"post","link":"https:\/\/encuentroinformativo.com.mx\/?p=66367","title":{"rendered":"Pide OPLE no incurrir en violencia pol\u00edtica de g\u00e9nero durante campa\u00f1as"},"content":{"rendered":"<p><strong>Dar\u00edo Pale<\/strong><\/p>\n<p>Xalapa, Ver.- La consejera presidente del Organismo P\u00fablico Local Electoral (OPLE), Marisol Alicia Delgadillo Morales dio a conocer que esperan que en el tema de las campa\u00f1as electorales que dan inicio, no se presente el tema de violencia pol\u00edtica en raz\u00f3n de g\u00e9nero.<\/p>\n<p>En entrevista invit\u00f3 a los candidatos y a los partidos pol\u00edticos a que respeten el marco normativo y que cualquier inconformidad pues la hagan valer por la v\u00eda legal correspondiente, para eso est\u00e1n en las instituciones tambi\u00e9n jurisdiccionales que ellos atienden.<\/p>\n<p>\u201cEl alto compromiso tambi\u00e9n de que cualquier sentencia que al efecto se determine, nosotros la acataremos en consecuencia, entonces, est\u00e1n los cauces legales establecidos en el marco normativo, hacer uso de ellos y pues invitarles a que participemos todas y todos, no agresiones, y respeto a las mujeres\u201d, se\u00f1al\u00f3.<\/p>\n<p>La violencia pol\u00edtica en raz\u00f3n de g\u00e9nero, evidentemente es un tema que esperan que en el periodo de campa\u00f1as no se presente, el tema de violencia pol\u00edtica en raz\u00f3n de g\u00e9nero, tienen pocas quejas hasta este momento.<\/p>\n<p>Dijo que, puede ser un periodo de campa\u00f1as que pone en alto la civilidad pol\u00edtica de todos los participantes, creo que tienen que ser campa\u00f1as inclusivas, no discriminatorias, respetuosas de la paridad tambi\u00e9n y que eso va a ser bien visto por la ciudadan\u00eda, porque la ciudadan\u00eda los va a estar viendo a todas y todos, entonces, a la ciudadan\u00eda no se le puede enga\u00f1ar.<\/p>\n<p>\u201cS\u00ed, claro, bueno, ya es una obligaci\u00f3n de todas las instancias de gobierno, de las propias autoridades electorales, de las autoridades jurisdiccionales de impartir justicia con visi\u00f3n y perspectiva de g\u00e9nero, tendr\u00e1n cada quien que en el \u00e1mbito de su competencia, pues eh actuar en consecuencia\u201d. coment\u00f3.<\/p>\n<p>\u201cTenemos un acompa\u00f1amiento tambi\u00e9n para todas las candidaturas, estamos coordinando acciones de blindaje electoral, tambi\u00e9n con las instancias competentes en los diferentes niveles, tanto municipal, estatal y federal, entonces damos seguimiento para que esta jornada del primero de junio pues sea pac\u00edfica y libre y que el ciudadano se sienta y la ciudadana pues se sienta acompa\u00f1ado para para emitir su voto\u201d, agreg\u00f3.<\/p>\n<p>En otro orden de ideas en cuanto a los debates de los candidatos dijo que, ya aprobaron en las comisiones las reglas de los debates virtuales la presentar\u00e1n ante el consejo general y tambi\u00e9n van a aprobar a los moderadores y van a hacer un acompa\u00f1amiento con todas las candidaturas y todos los partidos pol\u00edticos, es un modelo virtual, lo van a poner a prueba.<\/p>\n<p>Finalmente se\u00f1al\u00f3 que, \u201cestamos apostando a que la calidad de producto que vamos a ofrecer a la ciudadan\u00eda, pues tenga igual est\u00e1ndares y que podamos llegar a toda la ciudadan\u00eda para que las candidaturas que quieran participar, pues tengan una plataforma tambi\u00e9n en la que expongan sus sus proyectos\u201d, con esto tendr\u00e1n un ahorro de m\u00e1s de 10 mdp.<\/p>\n","protected":false},"excerpt":{"rendered":"<p>Dar\u00edo Pale Xalapa, Ver.- La consejera presidente del Organismo P\u00fablico Local Electoral (OPLE), Marisol Alicia Delgadillo Morales dio a conocer que esperan que en el tema de las campa\u00f1as electorales que dan inicio, no se presente el tema de violencia pol\u00edtica en raz\u00f3n de g\u00e9nero. En entrevista invit\u00f3 a los candidatos y a los partidos [&hellip;]<\/p>\n","protected":false},"author":2476,"featured_media":66368,"comment_status":"open","ping_status":"open","sticky":false,"template":"","format":"standard","meta":{"_jetpack_memberships_contains_paid_content":false,"footnotes":""},"categories":[2],"tags":[],"class_list":["post-66367","post","type-post","status-publish","format-standard","has-post-thumbnail","hentry","category-estado"],"jetpack_featured_media_url":"https:\/\/encuentroinformativo.com.mx\/wp-content\/uploads\/2025\/04\/IMG-20250428-WA0356.jpg","jetpack_sharing_enabled":true,"jetpack_likes_enabled":true,"amp_enabled":true,"_links":{"self":[{"href":"https:\/\/encuentroinformativo.com.mx\/index.php?rest_route=\/wp\/v2\/posts\/66367","targetHints":{"allow":["GET"]}}],"collection":[{"href":"https:\/\/encuentroinformativo.com.mx\/index.php?rest_route=\/wp\/v2\/posts"}],"about":[{"href":"https:\/\/encuentroinformativo.com.mx\/index.php?rest_route=\/wp\/v2\/types\/post"}],"author":[{"embeddable":true,"href":"https:\/\/encuentroinformativo.com.mx\/index.php?rest_route=\/wp\/v2\/users\/2476"}],"replies":[{"embeddable":true,"href":"https:\/\/encuentroinformativo.com.mx\/index.php?rest_route=%2Fwp%2Fv2%2Fcomments&post=66367"}],"version-history":[{"count":1,"href":"https:\/\/encuentroinformativo.com.mx\/index.php?rest_route=\/wp\/v2\/posts\/66367\/revisions"}],"predecessor-version":[{"id":66369,"href":"https:\/\/encuentroinformativo.com.mx\/index.php?rest_route=\/wp\/v2\/posts\/66367\/revisions\/66369"}],"wp:featuredmedia":[{"embeddable":true,"href":"https:\/\/encuentroinformativo.com.mx\/index.php?rest_route=\/wp\/v2\/media\/66368"}],"wp:attachment":[{"href":"https:\/\/encuentroinformativo.com.mx\/index.php?rest_route=%2Fwp%2Fv2%2Fmedia&parent=66367"}],"wp:term":[{"taxonomy":"category","embeddable":true,"href":"https:\/\/encuentroinformativo.com.mx\/index.php?rest_route=%2Fwp%2Fv2%2Fcategories&post=66367"},{"taxonomy":"post_tag","embeddable":true,"href":"https:\/\/encuentroinformativo.com.mx\/index.php?rest_route=%2Fwp%2Fv2%2Ftags&post=66367"}],"curies":[{"name":"wp","href":"https:\/\/api.w.org\/{rel}","templated":true}]}}