{"id":66371,"date":"2025-04-29T09:19:31","date_gmt":"2025-04-29T15:19:31","guid":{"rendered":"https:\/\/encuentroinformativo.com.mx\/?p=66371"},"modified":"2025-04-29T09:19:31","modified_gmt":"2025-04-29T15:19:31","slug":"vamos-a-ganar-con-propuestas-indira-rosales","status":"publish","type":"post","link":"https:\/\/encuentroinformativo.com.mx\/?p=66371","title":{"rendered":"Vamos a ganar con propuestas: Indira Rosales"},"content":{"rendered":"<p><strong>Alejandro \u00c1vila<\/strong><\/p>\n<p>Veracruz, Ver.- La candidata del PAN a la alcald\u00eda de Veracruz, Indira Rosales San Rom\u00e1n, arranc\u00f3 su campa\u00f1a de cara a los comicios del 1 de junio, y asegur\u00f3 que durante el mes de mayo demostrar\u00e1 con propuestas, que el PAN ha sabido gobernar el municipio de Veracruz y, con el apoyo de los jarochos, lo seguir\u00e1 gobernando por muchos a\u00f1os m\u00e1s.<\/p>\n<p>&#8220;No \u00fanicamente vamos a ganar con votos, vamos a ganar con corazones, vamos a ganar con propuestas, vamos a ganar porque vamos a tener la confianza de cada porte\u00f1o y de cada ciudadano. En esta campa\u00f1a no es \u00fanicamente conseguir votos y ganarla, se trata de verdaderamente hacer un gran trabajo por el puerto, y eso lo vamos a demostrar con cada propuesta, que el PAN ha sabido gobernar y que el PAN seguir\u00e1 gobernando el puerto de Veracruz por muchos a\u00f1os m\u00e1s&#8221;, asest\u00f3.<\/p>\n<p>Indira Rosales inici\u00f3 campa\u00f1a desde el primer minuto del 29 de abril, lo hizo en una de las zonas m\u00e1s ic\u00f3nicos y, quiz\u00e1, en el coraz\u00f3n del Puerto de Veracruz, el barrio de &#8220;La Huaca&#8221;, donde fue arropada por cientos de militantes en el callej\u00f3n To\u00f1a &#8220;La Negra&#8221;.<\/p>\n<p>Este martes 29 de abril a las 4:30 de la tarde, el presidente nacional del PAN, Jorge Romero Herrera, acompa\u00f1ar\u00e1 a Indira Rosales San Rom\u00e1n en su primer caminata por la Unidad Habitacional &#8220;Los Volcanes&#8221;.<\/p>\n","protected":false},"excerpt":{"rendered":"<p>Alejandro \u00c1vila Veracruz, Ver.- La candidata del PAN a la alcald\u00eda de Veracruz, Indira Rosales San Rom\u00e1n, arranc\u00f3 su campa\u00f1a de cara a los comicios del 1 de junio, y asegur\u00f3 que durante el mes de mayo demostrar\u00e1 con propuestas, que el PAN ha sabido gobernar el municipio de Veracruz y, con el apoyo de [&hellip;]<\/p>\n","protected":false},"author":2476,"featured_media":66372,"comment_status":"open","ping_status":"open","sticky":false,"template":"","format":"standard","meta":{"_jetpack_memberships_contains_paid_content":false,"footnotes":""},"categories":[2],"tags":[],"class_list":["post-66371","post","type-post","status-publish","format-standard","has-post-thumbnail","hentry","category-estado"],"jetpack_featured_media_url":"https:\/\/encuentroinformativo.com.mx\/wp-content\/uploads\/2025\/04\/IMG-20250429-WA0041.jpg","jetpack_sharing_enabled":true,"jetpack_likes_enabled":true,"amp_enabled":true,"_links":{"self":[{"href":"https:\/\/encuentroinformativo.com.mx\/index.php?rest_route=\/wp\/v2\/posts\/66371","targetHints":{"allow":["GET"]}}],"collection":[{"href":"https:\/\/encuentroinformativo.com.mx\/index.php?rest_route=\/wp\/v2\/posts"}],"about":[{"href":"https:\/\/encuentroinformativo.com.mx\/index.php?rest_route=\/wp\/v2\/types\/post"}],"author":[{"embeddable":true,"href":"https:\/\/encuentroinformativo.com.mx\/index.php?rest_route=\/wp\/v2\/users\/2476"}],"replies":[{"embeddable":true,"href":"https:\/\/encuentroinformativo.com.mx\/index.php?rest_route=%2Fwp%2Fv2%2Fcomments&post=66371"}],"version-history":[{"count":1,"href":"https:\/\/encuentroinformativo.com.mx\/index.php?rest_route=\/wp\/v2\/posts\/66371\/revisions"}],"predecessor-version":[{"id":66373,"href":"https:\/\/encuentroinformativo.com.mx\/index.php?rest_route=\/wp\/v2\/posts\/66371\/revisions\/66373"}],"wp:featuredmedia":[{"embeddable":true,"href":"https:\/\/encuentroinformativo.com.mx\/index.php?rest_route=\/wp\/v2\/media\/66372"}],"wp:attachment":[{"href":"https:\/\/encuentroinformativo.com.mx\/index.php?rest_route=%2Fwp%2Fv2%2Fmedia&parent=66371"}],"wp:term":[{"taxonomy":"category","embeddable":true,"href":"https:\/\/encuentroinformativo.com.mx\/index.php?rest_route=%2Fwp%2Fv2%2Fcategories&post=66371"},{"taxonomy":"post_tag","embeddable":true,"href":"https:\/\/encuentroinformativo.com.mx\/index.php?rest_route=%2Fwp%2Fv2%2Ftags&post=66371"}],"curies":[{"name":"wp","href":"https:\/\/api.w.org\/{rel}","templated":true}]}}