{"id":66374,"date":"2025-04-29T09:32:19","date_gmt":"2025-04-29T15:32:19","guid":{"rendered":"https:\/\/encuentroinformativo.com.mx\/?p=66374"},"modified":"2025-04-29T09:32:19","modified_gmt":"2025-04-29T15:32:19","slug":"critica-alito-moreno-nueva-ley-de-telecomunicaciones","status":"publish","type":"post","link":"https:\/\/encuentroinformativo.com.mx\/?p=66374","title":{"rendered":"Critica &#8220;Alito&#8221; Moreno nueva Ley de Telecomunicaciones\u00a0"},"content":{"rendered":"<p><strong>* El l\u00edder partidista estuvo en el arranque de campa\u00f1a de la candidata del puerto de Veracruz.\u00a0<\/strong><\/p>\n<p><strong>Alejandro \u00c1vila<\/strong><\/p>\n<p>Veracruz, Ver.- El presidente nacional del PRI, Alejandro Moreno C\u00e1rdenas, cr\u00edtico en\u00e9rgicamente la nueva Ley de Telecomunicaciones que te impulsa y pretende aprobar Morena a trav\u00e9s del Congreso de la Uni\u00f3n; incluso, se\u00f1al\u00f3 que ni Venezuela o Nicaragua se atrevieron a violentar a los medios de comunicaci\u00f3n de esta manera.<\/p>\n<p>&#8220;Ni Ch\u00e1vez ni Maduro ni Ortega en Nicaragua se atrevieron a proponer una ley que es silenciar a los medios de comunicaci\u00f3n, y no se puede permitir hay que levantar la voz, este es el gobierno c\u00ednico, corrupto y autoritario de Morena que no quiere que haya democracia en este pa\u00eds, lo he dicho y lo dijimos desde hace mucho tiempo, Morena quiere una dictadura, no quiere un partido hegem\u00f3nico quiere un partido \u00fanico, quiere que no haya democracia y el pueblo de M\u00e9xico tiene que defender los derechos y las libertades y es lo que vamos a hacer todos los d\u00edas&#8221;, subray\u00f3.<\/p>\n<p>El Senador de la Rep\u00fablica visit\u00f3 el puerto de Veracruz para estar presente en el arranque de campa\u00f1a de la candidata a la alcald\u00eda del puerto jarocho, Carolina Gudi\u00f1o Corro, adem\u00e1s, otros aspirantes a las presidencias municipales de la zona conurbada tambi\u00e9n estuvieron presentes.<\/p>\n<p>&#8220;Alito&#8221; Moreno dijo que contin\u00faan en proceso las 5 denuncias de los candidatos del PRI que se bajaron de la contienda por amenazas del crimen organizado, y lament\u00f3 que el gobierno de Morena busque atracar los resultados en la pr\u00f3xima elecci\u00f3n.<\/p>\n<p>&#8220;Lo hemos denunciado y hay las amenazas permanentes, el gobierno metido, este gobierno c\u00ednico y corrupto de Morena que se quiere robar las elecciones a la mala, desv\u00edo de recursos p\u00fablicos, pero los vamos a seguir denunciando o los vamos a denunciar constantemente porque no tienen la capacidad para darle resultados a la gente y la gente sabe que los priistas no somos perfectos pero damos resultados y sabemos gobernar y gobernamos mejor&#8221;, culmin\u00f3.<\/p>\n","protected":false},"excerpt":{"rendered":"<p>* El l\u00edder partidista estuvo en el arranque de campa\u00f1a de la candidata del puerto de Veracruz.\u00a0 Alejandro \u00c1vila Veracruz, Ver.- El presidente nacional del PRI, Alejandro Moreno C\u00e1rdenas, cr\u00edtico en\u00e9rgicamente la nueva Ley de Telecomunicaciones que te impulsa y pretende aprobar Morena a trav\u00e9s del Congreso de la Uni\u00f3n; incluso, se\u00f1al\u00f3 que ni Venezuela [&hellip;]<\/p>\n","protected":false},"author":2476,"featured_media":66375,"comment_status":"open","ping_status":"open","sticky":false,"template":"","format":"standard","meta":{"_jetpack_memberships_contains_paid_content":false,"footnotes":""},"categories":[2],"tags":[],"class_list":["post-66374","post","type-post","status-publish","format-standard","has-post-thumbnail","hentry","category-estado"],"jetpack_featured_media_url":"https:\/\/encuentroinformativo.com.mx\/wp-content\/uploads\/2025\/04\/IMG-20250429-WA0046.jpg","jetpack_sharing_enabled":true,"jetpack_likes_enabled":true,"amp_enabled":true,"_links":{"self":[{"href":"https:\/\/encuentroinformativo.com.mx\/index.php?rest_route=\/wp\/v2\/posts\/66374","targetHints":{"allow":["GET"]}}],"collection":[{"href":"https:\/\/encuentroinformativo.com.mx\/index.php?rest_route=\/wp\/v2\/posts"}],"about":[{"href":"https:\/\/encuentroinformativo.com.mx\/index.php?rest_route=\/wp\/v2\/types\/post"}],"author":[{"embeddable":true,"href":"https:\/\/encuentroinformativo.com.mx\/index.php?rest_route=\/wp\/v2\/users\/2476"}],"replies":[{"embeddable":true,"href":"https:\/\/encuentroinformativo.com.mx\/index.php?rest_route=%2Fwp%2Fv2%2Fcomments&post=66374"}],"version-history":[{"count":1,"href":"https:\/\/encuentroinformativo.com.mx\/index.php?rest_route=\/wp\/v2\/posts\/66374\/revisions"}],"predecessor-version":[{"id":66376,"href":"https:\/\/encuentroinformativo.com.mx\/index.php?rest_route=\/wp\/v2\/posts\/66374\/revisions\/66376"}],"wp:featuredmedia":[{"embeddable":true,"href":"https:\/\/encuentroinformativo.com.mx\/index.php?rest_route=\/wp\/v2\/media\/66375"}],"wp:attachment":[{"href":"https:\/\/encuentroinformativo.com.mx\/index.php?rest_route=%2Fwp%2Fv2%2Fmedia&parent=66374"}],"wp:term":[{"taxonomy":"category","embeddable":true,"href":"https:\/\/encuentroinformativo.com.mx\/index.php?rest_route=%2Fwp%2Fv2%2Fcategories&post=66374"},{"taxonomy":"post_tag","embeddable":true,"href":"https:\/\/encuentroinformativo.com.mx\/index.php?rest_route=%2Fwp%2Fv2%2Ftags&post=66374"}],"curies":[{"name":"wp","href":"https:\/\/api.w.org\/{rel}","templated":true}]}}