{"id":6638,"date":"2020-10-07T14:28:23","date_gmt":"2020-10-07T19:28:23","guid":{"rendered":"https:\/\/encuentroinformativo.com.mx\/?p=6638"},"modified":"2020-10-07T14:28:26","modified_gmt":"2020-10-07T19:28:26","slug":"con-lonas-rechazan-mineria-en-veracruz","status":"publish","type":"post","link":"https:\/\/encuentroinformativo.com.mx\/?p=6638","title":{"rendered":"Con lonas rechazan miner\u00eda en Veracruz"},"content":{"rendered":"\n<p><strong>Juan Arcos <\/strong><\/p>\n\n\n\n<p>Xalapa, Ver.- \u201cAMLO y CGJ: no a las minas, #VIDAoMINA, Pueblos de Veracruz\u201d, se lee en la lona que cuelga de la torre de la Catedral de Xalapa y que fue colocada este mi\u00e9rcoles 6 de octubre.<\/p>\n\n\n\n<p>Desde Plaza Sebasti\u00e1n Lerdo de Tejada, tambi\u00e9n conocida como Plaza Regina Mart\u00ednez, se observa el reclamo al presidente Andr\u00e9s Manuel L\u00f3pez Obrador y al gobernador Cuitl\u00e1huac Garc\u00eda Jim\u00e9nez.<\/p>\n\n\n\n<p>La agrupaci\u00f3n Pueblos Unidos en Defensa de la Tierra y la Iglesia Cat\u00f3lica rechazan en\u00e9rgicamente la miner\u00eda a cielo abierto y los denominados \u201cproyectos de muerte\u201d.<\/p>\n\n\n\n<p>De acuerdo con el vocero de la Arquidi\u00f3cesis de Xalapa, Jos\u00e9 Manuel Suazo Reyes, el pr\u00f3ximo s\u00e1bado 10 de octubre, pobladores de Actopan, Alto Lucero, Tlaltetela y de otros municipios protestar\u00e1n en la capital del estado.<\/p>\n\n\n\n<p>\u201cPara seguir su lucha y Veracruz sea declarado un estado libre de miner\u00eda t\u00f3xica, dado que en esa zona, sobre todo de Actopan, Alto Lucero y Palma Sola, se han estado instalando empresas mineras para explotar la tierra, lamentablemente este tipo de mineras, por los m\u00e9todos que utilizan, solamente contaminan la tierra, sacan los minerales, utilizan mucha agua, la contaminan y eso afecta a la naturaleza y a las poblaciones que se encuentran en esa zona\u201d.<\/p>\n\n\n\n<p>El Sacerdote a\u00f1adi\u00f3 que el peligro es latente por realizar dicha actividad cerca de la Planta Nucleoel\u00e9ctrica de Laguna Verde, por lo que no deber\u00eda permitirse ning\u00fan tipo de explotaci\u00f3n, pero se ha realizado pese a la inconformidad de las poblaciones.<\/p>\n\n\n\n<p>\u201cLa iglesia cat\u00f3lica se ha unido a este tipo de lucha, de defensa de la tierra, precisamente para que los pobladores no sean afectados con este tipo de instalaciones de mineras t\u00f3xicas. Esto corresponde con el pensamiento que el Papa Francisco nos ha trasmitido, que debemos proteger la tierra, debemos cuidar la casa com\u00fan y cuidar la naturaleza porque es donde vivimos\u201d.<\/p>\n\n\n\n<p>El 10 de octubre de 2019 se llev\u00f3 a cabo un encuentro masivo en Actopan, donde activistas, pobladores y acad\u00e9micos del Instituto de Ecolog\u00eda (Inecol) y de la Universidad Veracruzana (UV) sostuvieron di\u00e1logo con autoridades estatales y federales, quienes se comprometieron a frenar la miner\u00eda t\u00f3xica en la entidad.<\/p>\n\n\n\n<p>Sin embargo, hasta el momento, no ha habido respuesta favorable y, por ello, se convoc\u00f3 a otra manifestaci\u00f3n para presionar a los gobiernos y garantizar que cumplan su promesa.<\/p>\n","protected":false},"excerpt":{"rendered":"<p>Juan Arcos Xalapa, Ver.- \u201cAMLO y CGJ: no a las minas, #VIDAoMINA, Pueblos de Veracruz\u201d, se lee en la lona que cuelga de la torre de la Catedral de Xalapa y que fue colocada este mi\u00e9rcoles 6 de octubre. Desde Plaza Sebasti\u00e1n Lerdo de Tejada, tambi\u00e9n conocida como Plaza Regina Mart\u00ednez, se observa el reclamo [&hellip;]<\/p>\n","protected":false},"author":1,"featured_media":6639,"comment_status":"open","ping_status":"open","sticky":false,"template":"","format":"standard","meta":{"_jetpack_memberships_contains_paid_content":false,"footnotes":""},"categories":[3],"tags":[],"class_list":["post-6638","post","type-post","status-publish","format-standard","has-post-thumbnail","hentry","category-xalapa"],"jetpack_featured_media_url":"https:\/\/encuentroinformativo.com.mx\/wp-content\/uploads\/2020\/10\/CCD93F4C-4DBB-4D00-B4F4-99D1B1FB7316.jpeg","jetpack_sharing_enabled":true,"jetpack_likes_enabled":true,"amp_enabled":true,"_links":{"self":[{"href":"https:\/\/encuentroinformativo.com.mx\/index.php?rest_route=\/wp\/v2\/posts\/6638","targetHints":{"allow":["GET"]}}],"collection":[{"href":"https:\/\/encuentroinformativo.com.mx\/index.php?rest_route=\/wp\/v2\/posts"}],"about":[{"href":"https:\/\/encuentroinformativo.com.mx\/index.php?rest_route=\/wp\/v2\/types\/post"}],"author":[{"embeddable":true,"href":"https:\/\/encuentroinformativo.com.mx\/index.php?rest_route=\/wp\/v2\/users\/1"}],"replies":[{"embeddable":true,"href":"https:\/\/encuentroinformativo.com.mx\/index.php?rest_route=%2Fwp%2Fv2%2Fcomments&post=6638"}],"version-history":[{"count":1,"href":"https:\/\/encuentroinformativo.com.mx\/index.php?rest_route=\/wp\/v2\/posts\/6638\/revisions"}],"predecessor-version":[{"id":6640,"href":"https:\/\/encuentroinformativo.com.mx\/index.php?rest_route=\/wp\/v2\/posts\/6638\/revisions\/6640"}],"wp:featuredmedia":[{"embeddable":true,"href":"https:\/\/encuentroinformativo.com.mx\/index.php?rest_route=\/wp\/v2\/media\/6639"}],"wp:attachment":[{"href":"https:\/\/encuentroinformativo.com.mx\/index.php?rest_route=%2Fwp%2Fv2%2Fmedia&parent=6638"}],"wp:term":[{"taxonomy":"category","embeddable":true,"href":"https:\/\/encuentroinformativo.com.mx\/index.php?rest_route=%2Fwp%2Fv2%2Fcategories&post=6638"},{"taxonomy":"post_tag","embeddable":true,"href":"https:\/\/encuentroinformativo.com.mx\/index.php?rest_route=%2Fwp%2Fv2%2Ftags&post=6638"}],"curies":[{"name":"wp","href":"https:\/\/api.w.org\/{rel}","templated":true}]}}