{"id":66384,"date":"2025-04-29T12:25:45","date_gmt":"2025-04-29T18:25:45","guid":{"rendered":"https:\/\/encuentroinformativo.com.mx\/?p=66384"},"modified":"2025-04-29T12:25:45","modified_gmt":"2025-04-29T18:25:45","slug":"inicia-campana-monica-tejeda-por-alcaldia-de-tecolutla","status":"publish","type":"post","link":"https:\/\/encuentroinformativo.com.mx\/?p=66384","title":{"rendered":"Inicia campa\u00f1a M\u00f3nica Tejeda por alcald\u00eda de Tecolutla"},"content":{"rendered":"<p>Xalapa, Ver.- A unas horas del inicio de las campa\u00f1as electorales, M\u00f3nica Tejeda Hern\u00e1ndez candidata de Movimiento Ciudadano a la alcald\u00eda de Tecolutla salud\u00f3 la ma\u00f1ana de este martes al l\u00edder nacional de su partido Jorge \u00c1lvarez Maynez.<\/p>\n","protected":false},"excerpt":{"rendered":"<p>Xalapa, Ver.- A unas horas del inicio de las campa\u00f1as electorales, M\u00f3nica Tejeda Hern\u00e1ndez candidata de Movimiento Ciudadano a la alcald\u00eda de Tecolutla salud\u00f3 la ma\u00f1ana de este martes al l\u00edder nacional de su partido Jorge \u00c1lvarez Maynez.<\/p>\n","protected":false},"author":2476,"featured_media":66385,"comment_status":"open","ping_status":"open","sticky":false,"template":"","format":"standard","meta":{"_jetpack_memberships_contains_paid_content":false,"footnotes":""},"categories":[2],"tags":[],"class_list":["post-66384","post","type-post","status-publish","format-standard","has-post-thumbnail","hentry","category-estado"],"jetpack_featured_media_url":"https:\/\/encuentroinformativo.com.mx\/wp-content\/uploads\/2025\/04\/Screenshot_20250429-114127.png","jetpack_sharing_enabled":true,"jetpack_likes_enabled":true,"amp_enabled":true,"_links":{"self":[{"href":"https:\/\/encuentroinformativo.com.mx\/index.php?rest_route=\/wp\/v2\/posts\/66384","targetHints":{"allow":["GET"]}}],"collection":[{"href":"https:\/\/encuentroinformativo.com.mx\/index.php?rest_route=\/wp\/v2\/posts"}],"about":[{"href":"https:\/\/encuentroinformativo.com.mx\/index.php?rest_route=\/wp\/v2\/types\/post"}],"author":[{"embeddable":true,"href":"https:\/\/encuentroinformativo.com.mx\/index.php?rest_route=\/wp\/v2\/users\/2476"}],"replies":[{"embeddable":true,"href":"https:\/\/encuentroinformativo.com.mx\/index.php?rest_route=%2Fwp%2Fv2%2Fcomments&post=66384"}],"version-history":[{"count":1,"href":"https:\/\/encuentroinformativo.com.mx\/index.php?rest_route=\/wp\/v2\/posts\/66384\/revisions"}],"predecessor-version":[{"id":66386,"href":"https:\/\/encuentroinformativo.com.mx\/index.php?rest_route=\/wp\/v2\/posts\/66384\/revisions\/66386"}],"wp:featuredmedia":[{"embeddable":true,"href":"https:\/\/encuentroinformativo.com.mx\/index.php?rest_route=\/wp\/v2\/media\/66385"}],"wp:attachment":[{"href":"https:\/\/encuentroinformativo.com.mx\/index.php?rest_route=%2Fwp%2Fv2%2Fmedia&parent=66384"}],"wp:term":[{"taxonomy":"category","embeddable":true,"href":"https:\/\/encuentroinformativo.com.mx\/index.php?rest_route=%2Fwp%2Fv2%2Fcategories&post=66384"},{"taxonomy":"post_tag","embeddable":true,"href":"https:\/\/encuentroinformativo.com.mx\/index.php?rest_route=%2Fwp%2Fv2%2Ftags&post=66384"}],"curies":[{"name":"wp","href":"https:\/\/api.w.org\/{rel}","templated":true}]}}