{"id":66387,"date":"2025-04-29T12:54:00","date_gmt":"2025-04-29T18:54:00","guid":{"rendered":"https:\/\/encuentroinformativo.com.mx\/?p=66387"},"modified":"2025-04-29T12:54:00","modified_gmt":"2025-04-29T18:54:00","slug":"se-debe-atender-seguridad-sin-distingo-de-colores-partidistas-maynez","status":"publish","type":"post","link":"https:\/\/encuentroinformativo.com.mx\/?p=66387","title":{"rendered":"Se debe atender seguridad sin distingo de colores partidistas: Maynez"},"content":{"rendered":"<p style=\"text-align: left;\"><strong>Carlos Franco<\/strong><\/p>\n<p style=\"text-align: left;\">Banderilla, Ver.- Es necesario cambiar las estrategias en el tema de la seguridad para obtener resultados favorables en la materia, as\u00ed lo se\u00f1al\u00f3 Jorge \u00c1lvarez Maynez l\u00edder nacional de Movimiento Ciudadano.<\/p>\n<p style=\"text-align: left;\">En entrevista previa la presentaci\u00f3n de su libro \u201cM\u00e9xico Nuevo\u201d, el dirigente afirm\u00f3 que lo m\u00e1s importante es pacificar el pa\u00eds incluyendo el estado de Veracruz para lo cual se requieren esfuerzos conjuntos y sin distingo de colores partidistas.<\/p>\n<p style=\"text-align: left;\">\u201cQue se pacifique Veracruz y que se pacifique M\u00e9xico y creo que eso se va a lograr cuando entendamos que hay que hacer una nueva estrategia conjunta, sin colores partidistas que nos permita transitar a un M\u00e9xico distinto al que vivimos hoy\u201d.<\/p>\n<p style=\"text-align: left;\">Se ha solicitado que se atienda el tema de la seguridad en general -se\u00f1al\u00f3- no es un problema que tengan los candidatos en particular es un problema que tiene la sociedad en general y que ha habido una colusi\u00f3n entre el crimen organizado y las autoridades de todos los niveles.<\/p>\n<p style=\"text-align: left;\">\u00c1lvarez Maynez afirm\u00f3 que no han solicitado ning\u00fan trato especial para los candidatos del movimiento naranja, al tiempo que coment\u00f3 s\u00ed han presentado las denuncias correspondientes en los casos donde los aspirantes han recibido alg\u00fan tipo de amenaza.<\/p>\n<p style=\"text-align: left;\">\u201cNo estamos pidiendo ning\u00fan trato especial para nuestros candidatos, sino que el proceso se viva en paz, en un clima de tranquilidad y que la gente pueda sentirse en libertad para participar de la democracia\u201d.<\/p>\n<p style=\"text-align: left;\">Finalmente cuestionado sobre las versiones de que algunos candidatos estar\u00edan buscando llamar la atenci\u00f3n con el tema de presuntas amenazas coment\u00f3: \u201cNosotros no generamos golpeteo y la gente lo sabe, yo creo que ese es el peor legado de Cuitl\u00e1huac Garc\u00eda yo creo que en el fondo la gobernadora lo sabe qu\u00e9 Cuitl\u00e1huac le dej\u00f3 el Estado tirado nada m\u00e1s que no lo puede decir\u2026 nosotros le deseamos que le vaya bien y que pueda recomponer muchas cosas de las que se dejaron abandonadas como la inseguridad y que el proceso se pueda dar en paz y con tranquilidad\u201d.<\/p>\n","protected":false},"excerpt":{"rendered":"<p>Carlos Franco Banderilla, Ver.- Es necesario cambiar las estrategias en el tema de la seguridad para obtener resultados favorables en la materia, as\u00ed lo se\u00f1al\u00f3 Jorge \u00c1lvarez Maynez l\u00edder nacional de Movimiento Ciudadano. En entrevista previa la presentaci\u00f3n de su libro \u201cM\u00e9xico Nuevo\u201d, el dirigente afirm\u00f3 que lo m\u00e1s importante es pacificar el pa\u00eds incluyendo [&hellip;]<\/p>\n","protected":false},"author":2476,"featured_media":66390,"comment_status":"open","ping_status":"open","sticky":false,"template":"","format":"standard","meta":{"_jetpack_memberships_contains_paid_content":false,"footnotes":""},"categories":[2,12],"tags":[],"class_list":["post-66387","post","type-post","status-publish","format-standard","has-post-thumbnail","hentry","category-estado","category-nacional"],"jetpack_featured_media_url":"https:\/\/encuentroinformativo.com.mx\/wp-content\/uploads\/2025\/04\/IMG-20250429-WA01012-scaled.jpg","jetpack_sharing_enabled":true,"jetpack_likes_enabled":true,"amp_enabled":true,"_links":{"self":[{"href":"https:\/\/encuentroinformativo.com.mx\/index.php?rest_route=\/wp\/v2\/posts\/66387","targetHints":{"allow":["GET"]}}],"collection":[{"href":"https:\/\/encuentroinformativo.com.mx\/index.php?rest_route=\/wp\/v2\/posts"}],"about":[{"href":"https:\/\/encuentroinformativo.com.mx\/index.php?rest_route=\/wp\/v2\/types\/post"}],"author":[{"embeddable":true,"href":"https:\/\/encuentroinformativo.com.mx\/index.php?rest_route=\/wp\/v2\/users\/2476"}],"replies":[{"embeddable":true,"href":"https:\/\/encuentroinformativo.com.mx\/index.php?rest_route=%2Fwp%2Fv2%2Fcomments&post=66387"}],"version-history":[{"count":1,"href":"https:\/\/encuentroinformativo.com.mx\/index.php?rest_route=\/wp\/v2\/posts\/66387\/revisions"}],"predecessor-version":[{"id":66389,"href":"https:\/\/encuentroinformativo.com.mx\/index.php?rest_route=\/wp\/v2\/posts\/66387\/revisions\/66389"}],"wp:featuredmedia":[{"embeddable":true,"href":"https:\/\/encuentroinformativo.com.mx\/index.php?rest_route=\/wp\/v2\/media\/66390"}],"wp:attachment":[{"href":"https:\/\/encuentroinformativo.com.mx\/index.php?rest_route=%2Fwp%2Fv2%2Fmedia&parent=66387"}],"wp:term":[{"taxonomy":"category","embeddable":true,"href":"https:\/\/encuentroinformativo.com.mx\/index.php?rest_route=%2Fwp%2Fv2%2Fcategories&post=66387"},{"taxonomy":"post_tag","embeddable":true,"href":"https:\/\/encuentroinformativo.com.mx\/index.php?rest_route=%2Fwp%2Fv2%2Ftags&post=66387"}],"curies":[{"name":"wp","href":"https:\/\/api.w.org\/{rel}","templated":true}]}}