{"id":66395,"date":"2025-04-29T13:46:47","date_gmt":"2025-04-29T19:46:47","guid":{"rendered":"https:\/\/encuentroinformativo.com.mx\/?p=66395"},"modified":"2025-04-29T13:47:36","modified_gmt":"2025-04-29T19:47:36","slug":"atipico-arranca-de-campana-clausura-belem-palmeros-a-grupo-mas","status":"publish","type":"post","link":"https:\/\/encuentroinformativo.com.mx\/?p=66395","title":{"rendered":"At\u00edpico arranque de campa\u00f1a, clausura Belem Palmeros a Grupo MAS"},"content":{"rendered":"<p><strong>Alejandro \u00c1vila<\/strong><\/p>\n<p>Veracruz, Ver.- Un at\u00edpico arranque de campa\u00f1a hizo la candidata de Movimiento Ciudadano en el municipio de Veracruz, Belem Palmeros Exsome, pues tras realizar una caminata por las principales calles de la ciudad, lleg\u00f3 hasta las oficinas de la empresa que administra el agua en el municipio de Veracruz, Grupo MAS, y clausur\u00f3 el comercio de forma simb\u00f3lica.<\/p>\n<p>&#8220;Queremos agua de calidad, queremos que se respete nuestro derecho al agua, as\u00ed que hoy con ustedes les digo, se les acab\u00f3 la fiesta Grupo MAS, porque ya no queremos que est\u00e9 grupo menos porque es menos agua, ya no queremos que tengamos agua puerca, queremos precios justos y cero cortes de agua, ya estamos hartos&#8221;, reclam\u00f3 a las afueras de las oficinas ubicadas en la calle Santos P\u00e9rez Abascal.<\/p>\n<p>Acompa\u00f1ada de simpatizantes, presidentes de asociaciones civiles y, sobre todo, ciudadanos que han sufrido durante muchos meses la mala gesti\u00f3n de la empresa privada, Grupo MAS, Belem Palmeros alz\u00f3 la voz ante una de las problem\u00e1ticas que m\u00e1s aquejan los jarochos.<\/p>\n<p>De forma simb\u00f3lica la candidata de Movimiento Ciudadano a la alcald\u00eda de Veracruz coloc\u00f3 sellos y clausur\u00f3 las oficinas de la administradora del agua, misma que se encuentra bajo la supervisi\u00f3n del Congreso de Veracruz para la posible remoci\u00f3n de su concesi\u00f3n debido a su mala gesti\u00f3n.<\/p>\n","protected":false},"excerpt":{"rendered":"<p>Alejandro \u00c1vila Veracruz, Ver.- Un at\u00edpico arranque de campa\u00f1a hizo la candidata de Movimiento Ciudadano en el municipio de Veracruz, Belem Palmeros Exsome, pues tras realizar una caminata por las principales calles de la ciudad, lleg\u00f3 hasta las oficinas de la empresa que administra el agua en el municipio de Veracruz, Grupo MAS, y clausur\u00f3 [&hellip;]<\/p>\n","protected":false},"author":2476,"featured_media":66396,"comment_status":"open","ping_status":"open","sticky":false,"template":"","format":"standard","meta":{"_jetpack_memberships_contains_paid_content":false,"footnotes":""},"categories":[2],"tags":[],"class_list":["post-66395","post","type-post","status-publish","format-standard","has-post-thumbnail","hentry","category-estado"],"jetpack_featured_media_url":"https:\/\/encuentroinformativo.com.mx\/wp-content\/uploads\/2025\/04\/IMG-20250429-WA0209.jpg","jetpack_sharing_enabled":true,"jetpack_likes_enabled":true,"amp_enabled":true,"_links":{"self":[{"href":"https:\/\/encuentroinformativo.com.mx\/index.php?rest_route=\/wp\/v2\/posts\/66395","targetHints":{"allow":["GET"]}}],"collection":[{"href":"https:\/\/encuentroinformativo.com.mx\/index.php?rest_route=\/wp\/v2\/posts"}],"about":[{"href":"https:\/\/encuentroinformativo.com.mx\/index.php?rest_route=\/wp\/v2\/types\/post"}],"author":[{"embeddable":true,"href":"https:\/\/encuentroinformativo.com.mx\/index.php?rest_route=\/wp\/v2\/users\/2476"}],"replies":[{"embeddable":true,"href":"https:\/\/encuentroinformativo.com.mx\/index.php?rest_route=%2Fwp%2Fv2%2Fcomments&post=66395"}],"version-history":[{"count":2,"href":"https:\/\/encuentroinformativo.com.mx\/index.php?rest_route=\/wp\/v2\/posts\/66395\/revisions"}],"predecessor-version":[{"id":66398,"href":"https:\/\/encuentroinformativo.com.mx\/index.php?rest_route=\/wp\/v2\/posts\/66395\/revisions\/66398"}],"wp:featuredmedia":[{"embeddable":true,"href":"https:\/\/encuentroinformativo.com.mx\/index.php?rest_route=\/wp\/v2\/media\/66396"}],"wp:attachment":[{"href":"https:\/\/encuentroinformativo.com.mx\/index.php?rest_route=%2Fwp%2Fv2%2Fmedia&parent=66395"}],"wp:term":[{"taxonomy":"category","embeddable":true,"href":"https:\/\/encuentroinformativo.com.mx\/index.php?rest_route=%2Fwp%2Fv2%2Fcategories&post=66395"},{"taxonomy":"post_tag","embeddable":true,"href":"https:\/\/encuentroinformativo.com.mx\/index.php?rest_route=%2Fwp%2Fv2%2Ftags&post=66395"}],"curies":[{"name":"wp","href":"https:\/\/api.w.org\/{rel}","templated":true}]}}