{"id":6641,"date":"2020-10-07T15:01:37","date_gmt":"2020-10-07T20:01:37","guid":{"rendered":"https:\/\/encuentroinformativo.com.mx\/?p=6641"},"modified":"2020-10-07T15:01:40","modified_gmt":"2020-10-07T20:01:40","slug":"empresarios-acusan-a-pma-de-pedir-moches","status":"publish","type":"post","link":"https:\/\/encuentroinformativo.com.mx\/?p=6641","title":{"rendered":"Empresarios acusan a PMA de pedir \u201cmoches\u201d"},"content":{"rendered":"\n<p><strong>Dar\u00edo Pale <\/strong><\/p>\n\n\n\n<p>Xalapa, Ver.- Acusan p\u00fablicamente al Procurador del Medio Ambiente Sergio Rodr\u00edguez Cort\u00e9s ya que clausur\u00f3 la empresa de Marcos Salas Contreras debido a que seg\u00fan hace un a\u00f1o detectaron emanaci\u00f3n de humos contaminantes en su propiedad.<\/p>\n\n\n\n<p>En conferencia de prensa realizada en conocido caf\u00e9 del centro de Xalapa, dio a conocer que el actual gobierno estatal por todos lados est\u00e1 en operativos y lo que buscan no es un mejor desarrollo ambiental sino la extorsi\u00f3n y el \u201cmoche\u201d.<\/p>\n\n\n\n<p>Y es que argument\u00f3 que empresarios de su agrupaci\u00f3n han sido extorsionados ya que les han estado solicitando dinero para poder seguir trabajando, \u201cno saben nada de medio ambiente pero de negociaciones para el moche s\u00ed lo saben\u201d.<\/p>\n\n\n\n<p>Dio a conocer que no necesita permisos para guardar su maquinaria y equipo por lo que neg\u00f3 que est\u00e9 violando la ley, dado que eso es com\u00fan y al final todos contaminan.<\/p>\n\n\n\n<p>\u201cEntraron a la propiedad sin respetar los protocolos de notificaci\u00f3n con una persona que tuviera personalidad jur\u00eddica propia, entraron, y ni siquiera levantaron un acta circunstanciado de hechos que encontraron ah\u00ed\u201d, se\u00f1al\u00f3.<\/p>\n\n\n\n<p>Acompa\u00f1ado del abogado Jhonny Archer dijo que les colocaron una lona de clausura y que les argumentaron un desequilibrio ecol\u00f3gico por los autos, camiones y maquinaria que guardan en 11 hect\u00e1reas.<\/p>\n\n\n\n<p>\u201cMe dijeron que enviaron un dron hace un a\u00f1o y hab\u00eda emisiones de humo, pero pregunt\u00e9 cu\u00e1l es la actuaci\u00f3n de ahorita pero no encontraron nada\u201d, coment\u00f3.<\/p>\n\n\n\n<p>Tras acudir a la PMA y reunirse con el procurador Sergio Rodr\u00edguez Cort\u00e9s, se\u00f1al\u00f3 que los enviaron con el \u00e1rea jur\u00eddica y aunque se venci\u00f3 el t\u00e9rmino, nunca les mostraron el expediente.<\/p>\n\n\n\n<p>\u201cAntier hicimos una promoci\u00f3n para que nos dejaran ver el expediente pero no lo permitieron y tuvimos que hacer un documento cuando menos para no quedar en indefensi\u00f3n y exponer que no se respet\u00f3 el protocolo de notificaci\u00f3n.\u00a0 No puedes entrar a una propiedad privada nada m\u00e1s porque s\u00ed\u201d, finaliz\u00f3.<\/p>\n","protected":false},"excerpt":{"rendered":"<p>Dar\u00edo Pale Xalapa, Ver.- Acusan p\u00fablicamente al Procurador del Medio Ambiente Sergio Rodr\u00edguez Cort\u00e9s ya que clausur\u00f3 la empresa de Marcos Salas Contreras debido a que seg\u00fan hace un a\u00f1o detectaron emanaci\u00f3n de humos contaminantes en su propiedad. En conferencia de prensa realizada en conocido caf\u00e9 del centro de Xalapa, dio a conocer que el [&hellip;]<\/p>\n","protected":false},"author":1,"featured_media":6642,"comment_status":"open","ping_status":"open","sticky":false,"template":"","format":"standard","meta":{"_jetpack_memberships_contains_paid_content":false,"footnotes":""},"categories":[2],"tags":[],"class_list":["post-6641","post","type-post","status-publish","format-standard","has-post-thumbnail","hentry","category-estado"],"jetpack_featured_media_url":"https:\/\/encuentroinformativo.com.mx\/wp-content\/uploads\/2020\/10\/1F5A7037-F299-4B3E-8544-68F42E932303.jpeg","jetpack_sharing_enabled":true,"jetpack_likes_enabled":true,"amp_enabled":true,"_links":{"self":[{"href":"https:\/\/encuentroinformativo.com.mx\/index.php?rest_route=\/wp\/v2\/posts\/6641","targetHints":{"allow":["GET"]}}],"collection":[{"href":"https:\/\/encuentroinformativo.com.mx\/index.php?rest_route=\/wp\/v2\/posts"}],"about":[{"href":"https:\/\/encuentroinformativo.com.mx\/index.php?rest_route=\/wp\/v2\/types\/post"}],"author":[{"embeddable":true,"href":"https:\/\/encuentroinformativo.com.mx\/index.php?rest_route=\/wp\/v2\/users\/1"}],"replies":[{"embeddable":true,"href":"https:\/\/encuentroinformativo.com.mx\/index.php?rest_route=%2Fwp%2Fv2%2Fcomments&post=6641"}],"version-history":[{"count":1,"href":"https:\/\/encuentroinformativo.com.mx\/index.php?rest_route=\/wp\/v2\/posts\/6641\/revisions"}],"predecessor-version":[{"id":6643,"href":"https:\/\/encuentroinformativo.com.mx\/index.php?rest_route=\/wp\/v2\/posts\/6641\/revisions\/6643"}],"wp:featuredmedia":[{"embeddable":true,"href":"https:\/\/encuentroinformativo.com.mx\/index.php?rest_route=\/wp\/v2\/media\/6642"}],"wp:attachment":[{"href":"https:\/\/encuentroinformativo.com.mx\/index.php?rest_route=%2Fwp%2Fv2%2Fmedia&parent=6641"}],"wp:term":[{"taxonomy":"category","embeddable":true,"href":"https:\/\/encuentroinformativo.com.mx\/index.php?rest_route=%2Fwp%2Fv2%2Fcategories&post=6641"},{"taxonomy":"post_tag","embeddable":true,"href":"https:\/\/encuentroinformativo.com.mx\/index.php?rest_route=%2Fwp%2Fv2%2Ftags&post=6641"}],"curies":[{"name":"wp","href":"https:\/\/api.w.org\/{rel}","templated":true}]}}