{"id":66414,"date":"2025-04-29T14:44:04","date_gmt":"2025-04-29T20:44:04","guid":{"rendered":"https:\/\/encuentroinformativo.com.mx\/?p=66414"},"modified":"2025-04-29T14:44:04","modified_gmt":"2025-04-29T20:44:04","slug":"cab-provoca-brote-de-aguas-negras-en-primaria-de-boca-del-rio","status":"publish","type":"post","link":"https:\/\/encuentroinformativo.com.mx\/?p=66414","title":{"rendered":"CAB provoca brote de aguas negras en primaria de Boca del R\u00edo"},"content":{"rendered":"<p><strong>Alejandro \u00c1vila<\/strong><\/p>\n<p>Boca del R\u00edo, Ver.- La Compa\u00f1\u00eda de Agua de Boca del R\u00edo (CAB) realiz\u00f3 una una mala reparaci\u00f3n en una calle de la colonia Carranza, lo que provoc\u00f3 el brote de aguas negras en una escuela adjunta, misma que est\u00e1 dejando un foco de infecci\u00f3n a decenas de infantes.<\/p>\n<p>El viernes 25 de abril por la ma\u00f1ana la empresa CAB realiz\u00f3 una presunta reparaci\u00f3n de drenaje en la calle Flores Armida, la mala praxis provoc\u00f3 que por la tarde iniciara el brote de aguas negras al interior de la escuela Enrique C. Rebsamen, a pesar del reporte a las oficinas de CAB, hasta este martes 29 de abril ning\u00fan empleado se ha aparecido para solucionar el problema.<\/p>\n<p>Los peque\u00f1os que regresaron a clases este lunes 28 de abril tuvieron que soportar durante sus clases el olor f\u00e9tido que emana del patio de la escuela e incluso, tuvieron que suspender el recreo para evitar alguna afectaci\u00f3n en los menores de edad.<\/p>\n","protected":false},"excerpt":{"rendered":"<p>Alejandro \u00c1vila Boca del R\u00edo, Ver.- La Compa\u00f1\u00eda de Agua de Boca del R\u00edo (CAB) realiz\u00f3 una una mala reparaci\u00f3n en una calle de la colonia Carranza, lo que provoc\u00f3 el brote de aguas negras en una escuela adjunta, misma que est\u00e1 dejando un foco de infecci\u00f3n a decenas de infantes. El viernes 25 de [&hellip;]<\/p>\n","protected":false},"author":2476,"featured_media":66415,"comment_status":"open","ping_status":"open","sticky":false,"template":"","format":"standard","meta":{"_jetpack_memberships_contains_paid_content":false,"footnotes":""},"categories":[2],"tags":[],"class_list":["post-66414","post","type-post","status-publish","format-standard","has-post-thumbnail","hentry","category-estado"],"jetpack_featured_media_url":"https:\/\/encuentroinformativo.com.mx\/wp-content\/uploads\/2025\/04\/IMG-20250429-WA0226.jpg","jetpack_sharing_enabled":true,"jetpack_likes_enabled":true,"amp_enabled":true,"_links":{"self":[{"href":"https:\/\/encuentroinformativo.com.mx\/index.php?rest_route=\/wp\/v2\/posts\/66414","targetHints":{"allow":["GET"]}}],"collection":[{"href":"https:\/\/encuentroinformativo.com.mx\/index.php?rest_route=\/wp\/v2\/posts"}],"about":[{"href":"https:\/\/encuentroinformativo.com.mx\/index.php?rest_route=\/wp\/v2\/types\/post"}],"author":[{"embeddable":true,"href":"https:\/\/encuentroinformativo.com.mx\/index.php?rest_route=\/wp\/v2\/users\/2476"}],"replies":[{"embeddable":true,"href":"https:\/\/encuentroinformativo.com.mx\/index.php?rest_route=%2Fwp%2Fv2%2Fcomments&post=66414"}],"version-history":[{"count":1,"href":"https:\/\/encuentroinformativo.com.mx\/index.php?rest_route=\/wp\/v2\/posts\/66414\/revisions"}],"predecessor-version":[{"id":66416,"href":"https:\/\/encuentroinformativo.com.mx\/index.php?rest_route=\/wp\/v2\/posts\/66414\/revisions\/66416"}],"wp:featuredmedia":[{"embeddable":true,"href":"https:\/\/encuentroinformativo.com.mx\/index.php?rest_route=\/wp\/v2\/media\/66415"}],"wp:attachment":[{"href":"https:\/\/encuentroinformativo.com.mx\/index.php?rest_route=%2Fwp%2Fv2%2Fmedia&parent=66414"}],"wp:term":[{"taxonomy":"category","embeddable":true,"href":"https:\/\/encuentroinformativo.com.mx\/index.php?rest_route=%2Fwp%2Fv2%2Fcategories&post=66414"},{"taxonomy":"post_tag","embeddable":true,"href":"https:\/\/encuentroinformativo.com.mx\/index.php?rest_route=%2Fwp%2Fv2%2Ftags&post=66414"}],"curies":[{"name":"wp","href":"https:\/\/api.w.org\/{rel}","templated":true}]}}