{"id":66427,"date":"2025-04-29T21:35:25","date_gmt":"2025-04-30T03:35:25","guid":{"rendered":"https:\/\/encuentroinformativo.com.mx\/?p=66427"},"modified":"2025-04-29T21:35:25","modified_gmt":"2025-04-30T03:35:25","slug":"para-movimiento-ciudadano-los-ninos-son-primero","status":"publish","type":"post","link":"https:\/\/encuentroinformativo.com.mx\/?p=66427","title":{"rendered":"Para Movimiento Ciudadano, \u00a1Los ni\u00f1os son primero!"},"content":{"rendered":"<p><strong>* Con festival infantil en Pino Su\u00e1rez y un encuentro con Jorge \u00c1lvarez M\u00e1ynez, arranc\u00f3 su campa\u00f1a M\u00f3nica Tejeda<\/strong><\/p>\n<p>Tecolutla, Ver. &#8211; Con un emotivo festival infantil y una reuni\u00f3n con el dirigente nacional de Movimiento Ciudadano (MC), Jorge \u00c1lvarez M\u00e1ynez, arranc\u00f3 su campa\u00f1a la candidata a la presidencia municipal de Tecolutla, M\u00f3nica Tejeda Hern\u00e1ndez.<\/p>\n<p>La periodista M\u00f3nica Tejeda, dialog\u00f3 con el excandidato presidencial, quien le dese\u00f3 \u00e9xito y envi\u00f3 un emotivo saludo a los tecolutle\u00f1os y posteriormente se traslad\u00f3 hasta la comunidad Jos\u00e9 Mar\u00eda Pino Su\u00e1rez, donde se realiz\u00f3 un festejo por el D\u00eda del Ni\u00f1o.<\/p>\n<p>&#8220;Los ni\u00f1os son lo primero y nuestro compromiso es con sus derechos a la educaci\u00f3n, a la salud y a una vida libre de violencia y con condiciones para que cumplan todos sus sue\u00f1os&#8221;, dijo la abanderada.<\/p>\n<p>Fue acompa\u00f1ada por integrantes de su planilla, como lo son los candidatos y candidatas a regidores, Margarita Corte M\u00e9ndez; David Garc\u00eda Valencia y Sof\u00eda Ram\u00edrez Garc\u00eda, est\u00e1 \u00faltima originaria y vecina de la comunidad de Jos\u00e9 Mar\u00eda Pino Su\u00e1rez.<\/p>\n<p>&#8220;Esta planilla incluye, por primera vez, a personas valiosas de todo el municipio, para que las comunidades tengan una representaci\u00f3n real en el Gobierno y ese proyecto no se llama M\u00f3nica Tejeda, sino que se llama Tecolutla&#8221;, concluy\u00f3 M\u00f3nica Tejeda.<\/p>\n<p><img loading=\"lazy\" decoding=\"async\" class=\"alignnone size-medium wp-image-66429\" src=\"https:\/\/encuentroinformativo.com.mx\/wp-content\/uploads\/2025\/04\/IMG-20250429-WA0404-300x200.jpg\" alt=\"\" width=\"300\" height=\"200\" srcset=\"https:\/\/encuentroinformativo.com.mx\/wp-content\/uploads\/2025\/04\/IMG-20250429-WA0404-300x200.jpg 300w, https:\/\/encuentroinformativo.com.mx\/wp-content\/uploads\/2025\/04\/IMG-20250429-WA0404-1024x682.jpg 1024w, https:\/\/encuentroinformativo.com.mx\/wp-content\/uploads\/2025\/04\/IMG-20250429-WA0404-768x512.jpg 768w, https:\/\/encuentroinformativo.com.mx\/wp-content\/uploads\/2025\/04\/IMG-20250429-WA0404.jpg 1280w\" sizes=\"auto, (max-width: 300px) 100vw, 300px\" \/><\/p>\n","protected":false},"excerpt":{"rendered":"<p>* Con festival infantil en Pino Su\u00e1rez y un encuentro con Jorge \u00c1lvarez M\u00e1ynez, arranc\u00f3 su campa\u00f1a M\u00f3nica Tejeda Tecolutla, Ver. &#8211; Con un emotivo festival infantil y una reuni\u00f3n con el dirigente nacional de Movimiento Ciudadano (MC), Jorge \u00c1lvarez M\u00e1ynez, arranc\u00f3 su campa\u00f1a la candidata a la presidencia municipal de Tecolutla, M\u00f3nica Tejeda Hern\u00e1ndez. [&hellip;]<\/p>\n","protected":false},"author":2476,"featured_media":66431,"comment_status":"open","ping_status":"open","sticky":false,"template":"","format":"standard","meta":{"_jetpack_memberships_contains_paid_content":false,"footnotes":""},"categories":[2],"tags":[],"class_list":["post-66427","post","type-post","status-publish","format-standard","has-post-thumbnail","hentry","category-estado"],"jetpack_featured_media_url":"https:\/\/encuentroinformativo.com.mx\/wp-content\/uploads\/2025\/04\/IMG-20250429-WA03972.jpg","jetpack_sharing_enabled":true,"jetpack_likes_enabled":true,"amp_enabled":true,"_links":{"self":[{"href":"https:\/\/encuentroinformativo.com.mx\/index.php?rest_route=\/wp\/v2\/posts\/66427","targetHints":{"allow":["GET"]}}],"collection":[{"href":"https:\/\/encuentroinformativo.com.mx\/index.php?rest_route=\/wp\/v2\/posts"}],"about":[{"href":"https:\/\/encuentroinformativo.com.mx\/index.php?rest_route=\/wp\/v2\/types\/post"}],"author":[{"embeddable":true,"href":"https:\/\/encuentroinformativo.com.mx\/index.php?rest_route=\/wp\/v2\/users\/2476"}],"replies":[{"embeddable":true,"href":"https:\/\/encuentroinformativo.com.mx\/index.php?rest_route=%2Fwp%2Fv2%2Fcomments&post=66427"}],"version-history":[{"count":1,"href":"https:\/\/encuentroinformativo.com.mx\/index.php?rest_route=\/wp\/v2\/posts\/66427\/revisions"}],"predecessor-version":[{"id":66430,"href":"https:\/\/encuentroinformativo.com.mx\/index.php?rest_route=\/wp\/v2\/posts\/66427\/revisions\/66430"}],"wp:featuredmedia":[{"embeddable":true,"href":"https:\/\/encuentroinformativo.com.mx\/index.php?rest_route=\/wp\/v2\/media\/66431"}],"wp:attachment":[{"href":"https:\/\/encuentroinformativo.com.mx\/index.php?rest_route=%2Fwp%2Fv2%2Fmedia&parent=66427"}],"wp:term":[{"taxonomy":"category","embeddable":true,"href":"https:\/\/encuentroinformativo.com.mx\/index.php?rest_route=%2Fwp%2Fv2%2Fcategories&post=66427"},{"taxonomy":"post_tag","embeddable":true,"href":"https:\/\/encuentroinformativo.com.mx\/index.php?rest_route=%2Fwp%2Fv2%2Ftags&post=66427"}],"curies":[{"name":"wp","href":"https:\/\/api.w.org\/{rel}","templated":true}]}}