{"id":66432,"date":"2025-04-29T21:40:18","date_gmt":"2025-04-30T03:40:18","guid":{"rendered":"https:\/\/encuentroinformativo.com.mx\/?p=66432"},"modified":"2025-04-29T21:40:18","modified_gmt":"2025-04-30T03:40:18","slug":"refuerza-congreso-de-veracruz-la-cultura-de-proteccion-civil","status":"publish","type":"post","link":"https:\/\/encuentroinformativo.com.mx\/?p=66432","title":{"rendered":"Refuerza Congreso de Veracruz la cultura de protecci\u00f3n civil"},"content":{"rendered":"<p><strong>* Participan autoridades, personal y visitantes en el Simulacro Nacional de Sismo 2025.<\/strong><\/p>\n<p style=\"font-weight: 400;\">Xalapa, Ver.- Como parte de las acciones de fomento a la cultura de la prevenci\u00f3n y protecci\u00f3n civil, el Congreso del Estado de Veracruz particip\u00f3 en el Simulacro Nacional de Sismo 2025, convocado por el gobierno federal.<\/p>\n<p style=\"font-weight: 400;\">A las 11:30 horas, al sonar la alerta s\u00edsmica, elementos capacitados del Poder Legislativo dio inicio a la evacuaci\u00f3n ordenada de las 653 personas, entre trabajadoras, trabajadores, autoridades y visitantes, que se encontraban en las distintas \u00e1reas del Palacio Legislativo, en un lapso de tres minutos y 53 segundos.<\/p>\n<p style=\"font-weight: 400;\">En el punto de encuentro del inmueble, con la participaci\u00f3n de las brigadas de evacuaci\u00f3n, b\u00fasqueda y rescate, prevenci\u00f3n y combate de fuegos y de primeros auxilios, en presencia del presidente de la Comisi\u00f3n Permanente de Protecci\u00f3n Civil, diputado Antonio Ballesteros Grayeb, el titular de la Oficina de Seguridad del Congreso, Antonio Gerardo Monta\u00f1o Baizabal, agradeci\u00f3 a las y los ciudadanos que acudieron.<\/p>\n<p style=\"font-weight: 400;\">Inform\u00f3 que, atendiendo los lineamientos de la autoridad federal, este simulacro se realiz\u00f3 bajo la hip\u00f3tesis de un sismo de magnitud 8.1 con epicentro en Tehuantepec, Oaxaca, ampliamente perceptible en la zona centro del pa\u00eds y con severa fuerza en Chiapas, Tabasco, Veracruz, Puebla, Estado de M\u00e9xico, Ciudad de M\u00e9xico y Guerrero.<\/p>\n<p style=\"font-weight: 400;\">Este simulacro, consider\u00f3, \u201crepresenta un paso crucial para reforzar nuestra preparaci\u00f3n y capacidad de respuesta ante las emergencias, teniendo como objetivo principal la protecci\u00f3n de la vida y el bienestar de la comunidad\u201d.<\/p>\n<p style=\"font-weight: 400;\">Por \u00faltimo, dio a conocer que en breve ser\u00e1 conformada la nueva Unidad Interna de Protecci\u00f3n Civil e invit\u00f3 a quienes deseen integrarse a inscribirse. \u201cGaranticemos un entorno m\u00e1s seguro para las personas que visitan este Congreso y reafirmemos el compromiso de velar por la seguridad de todos\u201d.<\/p>\n<p style=\"font-weight: 400;\">A manera de ejemplificaci\u00f3n y como parte del protocolo de b\u00fasqueda, el personal capacitado ingres\u00f3 al inmueble y logr\u00f3 el rescate de dos personas, brind\u00e1ndoles la atenci\u00f3n m\u00e9dica y primeros auxilios necesarios.<\/p>\n<p style=\"font-weight: 400;\">\n","protected":false},"excerpt":{"rendered":"<p>* Participan autoridades, personal y visitantes en el Simulacro Nacional de Sismo 2025. Xalapa, Ver.- Como parte de las acciones de fomento a la cultura de la prevenci\u00f3n y protecci\u00f3n civil, el Congreso del Estado de Veracruz particip\u00f3 en el Simulacro Nacional de Sismo 2025, convocado por el gobierno federal. A las 11:30 horas, al [&hellip;]<\/p>\n","protected":false},"author":2476,"featured_media":66433,"comment_status":"open","ping_status":"open","sticky":false,"template":"","format":"standard","meta":{"_jetpack_memberships_contains_paid_content":false,"footnotes":""},"categories":[2],"tags":[],"class_list":["post-66432","post","type-post","status-publish","format-standard","has-post-thumbnail","hentry","category-estado"],"jetpack_featured_media_url":"https:\/\/encuentroinformativo.com.mx\/wp-content\/uploads\/2025\/04\/NOV29ABRIL2025SIMULACRO2.jpeg","jetpack_sharing_enabled":true,"jetpack_likes_enabled":true,"amp_enabled":true,"_links":{"self":[{"href":"https:\/\/encuentroinformativo.com.mx\/index.php?rest_route=\/wp\/v2\/posts\/66432","targetHints":{"allow":["GET"]}}],"collection":[{"href":"https:\/\/encuentroinformativo.com.mx\/index.php?rest_route=\/wp\/v2\/posts"}],"about":[{"href":"https:\/\/encuentroinformativo.com.mx\/index.php?rest_route=\/wp\/v2\/types\/post"}],"author":[{"embeddable":true,"href":"https:\/\/encuentroinformativo.com.mx\/index.php?rest_route=\/wp\/v2\/users\/2476"}],"replies":[{"embeddable":true,"href":"https:\/\/encuentroinformativo.com.mx\/index.php?rest_route=%2Fwp%2Fv2%2Fcomments&post=66432"}],"version-history":[{"count":1,"href":"https:\/\/encuentroinformativo.com.mx\/index.php?rest_route=\/wp\/v2\/posts\/66432\/revisions"}],"predecessor-version":[{"id":66434,"href":"https:\/\/encuentroinformativo.com.mx\/index.php?rest_route=\/wp\/v2\/posts\/66432\/revisions\/66434"}],"wp:featuredmedia":[{"embeddable":true,"href":"https:\/\/encuentroinformativo.com.mx\/index.php?rest_route=\/wp\/v2\/media\/66433"}],"wp:attachment":[{"href":"https:\/\/encuentroinformativo.com.mx\/index.php?rest_route=%2Fwp%2Fv2%2Fmedia&parent=66432"}],"wp:term":[{"taxonomy":"category","embeddable":true,"href":"https:\/\/encuentroinformativo.com.mx\/index.php?rest_route=%2Fwp%2Fv2%2Fcategories&post=66432"},{"taxonomy":"post_tag","embeddable":true,"href":"https:\/\/encuentroinformativo.com.mx\/index.php?rest_route=%2Fwp%2Fv2%2Ftags&post=66432"}],"curies":[{"name":"wp","href":"https:\/\/api.w.org\/{rel}","templated":true}]}}