{"id":66435,"date":"2025-04-29T21:44:20","date_gmt":"2025-04-30T03:44:20","guid":{"rendered":"https:\/\/encuentroinformativo.com.mx\/?p=66435"},"modified":"2025-04-29T21:44:20","modified_gmt":"2025-04-30T03:44:20","slug":"veracruz-esta-preparado-para-la-cuarta-transformacion-rosa-maria-hernandez-espejo","status":"publish","type":"post","link":"https:\/\/encuentroinformativo.com.mx\/?p=66435","title":{"rendered":"Veracruz est\u00e1 preparado para la Cuarta Transformaci\u00f3n: Rosa Mar\u00eda Hern\u00e1ndez Espejo"},"content":{"rendered":"<p><strong>Alejandro \u00c1vila<\/strong><\/p>\n<p>Veracruz, Ver.- En un ambiente de fiesta y algarab\u00eda se realiz\u00f3 el arranque de campa\u00f1a de la candidata de Morena a la alcald\u00eda de Veracruz, Rosa Mar\u00eda Hern\u00e1ndez Espejo, qui\u00e9n estuvo acompa\u00f1ada de la presidenta nacional del partido guinda, Luisa Mar\u00eda Alcalde Luj\u00e1n.<\/p>\n<p>La comunicadora de profesi\u00f3n lleg\u00f3 al evento de arranque de campa\u00f1a abordo de un vochito y saludando a cientos de simpatizantes que le refrendaron su cari\u00f1o y respaldo para esta campa\u00f1a electoral.<\/p>\n<p>Mejora de espacios p\u00fablicos, alumbrado en buen estado, pavimentaci\u00f3n y no bacheo de calles, as\u00ed como una cruzada en contra de la empresa que administra el agua, Grupo MAS, para que destine l\u00edquido de calidad y con tarifas adecuadas, fueron los puntos cruciales que toc\u00f3 Rosa Mar\u00eda Hern\u00e1ndez Espejo durante su discurso.<\/p>\n<p>La candidata de Morena asegur\u00f3 que el municipio de Veracruz est\u00e1 preparado para recibir a la Cuarta Transformaci\u00f3n y sacar a los gobiernos que han mantenido en el olvido a las colonias del puerto jarocho.<\/p>\n","protected":false},"excerpt":{"rendered":"<p>Alejandro \u00c1vila Veracruz, Ver.- En un ambiente de fiesta y algarab\u00eda se realiz\u00f3 el arranque de campa\u00f1a de la candidata de Morena a la alcald\u00eda de Veracruz, Rosa Mar\u00eda Hern\u00e1ndez Espejo, qui\u00e9n estuvo acompa\u00f1ada de la presidenta nacional del partido guinda, Luisa Mar\u00eda Alcalde Luj\u00e1n. La comunicadora de profesi\u00f3n lleg\u00f3 al evento de arranque de [&hellip;]<\/p>\n","protected":false},"author":2476,"featured_media":66436,"comment_status":"open","ping_status":"open","sticky":false,"template":"","format":"standard","meta":{"_jetpack_memberships_contains_paid_content":false,"footnotes":""},"categories":[2],"tags":[],"class_list":["post-66435","post","type-post","status-publish","format-standard","has-post-thumbnail","hentry","category-estado"],"jetpack_featured_media_url":"https:\/\/encuentroinformativo.com.mx\/wp-content\/uploads\/2025\/04\/IMG-20250429-WA0395.jpg","jetpack_sharing_enabled":true,"jetpack_likes_enabled":true,"amp_enabled":true,"_links":{"self":[{"href":"https:\/\/encuentroinformativo.com.mx\/index.php?rest_route=\/wp\/v2\/posts\/66435","targetHints":{"allow":["GET"]}}],"collection":[{"href":"https:\/\/encuentroinformativo.com.mx\/index.php?rest_route=\/wp\/v2\/posts"}],"about":[{"href":"https:\/\/encuentroinformativo.com.mx\/index.php?rest_route=\/wp\/v2\/types\/post"}],"author":[{"embeddable":true,"href":"https:\/\/encuentroinformativo.com.mx\/index.php?rest_route=\/wp\/v2\/users\/2476"}],"replies":[{"embeddable":true,"href":"https:\/\/encuentroinformativo.com.mx\/index.php?rest_route=%2Fwp%2Fv2%2Fcomments&post=66435"}],"version-history":[{"count":1,"href":"https:\/\/encuentroinformativo.com.mx\/index.php?rest_route=\/wp\/v2\/posts\/66435\/revisions"}],"predecessor-version":[{"id":66437,"href":"https:\/\/encuentroinformativo.com.mx\/index.php?rest_route=\/wp\/v2\/posts\/66435\/revisions\/66437"}],"wp:featuredmedia":[{"embeddable":true,"href":"https:\/\/encuentroinformativo.com.mx\/index.php?rest_route=\/wp\/v2\/media\/66436"}],"wp:attachment":[{"href":"https:\/\/encuentroinformativo.com.mx\/index.php?rest_route=%2Fwp%2Fv2%2Fmedia&parent=66435"}],"wp:term":[{"taxonomy":"category","embeddable":true,"href":"https:\/\/encuentroinformativo.com.mx\/index.php?rest_route=%2Fwp%2Fv2%2Fcategories&post=66435"},{"taxonomy":"post_tag","embeddable":true,"href":"https:\/\/encuentroinformativo.com.mx\/index.php?rest_route=%2Fwp%2Fv2%2Ftags&post=66435"}],"curies":[{"name":"wp","href":"https:\/\/api.w.org\/{rel}","templated":true}]}}