{"id":66446,"date":"2025-04-29T22:50:38","date_gmt":"2025-04-30T04:50:38","guid":{"rendered":"https:\/\/encuentroinformativo.com.mx\/?p=66446"},"modified":"2025-04-29T22:50:38","modified_gmt":"2025-04-30T04:50:38","slug":"protestan-en-palacio-municipal-de-minatitlan-por-abusos-policiales","status":"publish","type":"post","link":"https:\/\/encuentroinformativo.com.mx\/?p=66446","title":{"rendered":"Protestan en Palacio Municipal de Minatitl\u00e1n por abusos policiales\u00a0"},"content":{"rendered":"<p><strong>Jos\u00e9 Vargas<\/strong><\/p>\n<p>Minatitl\u00e1n, Ver.- Ciudadanos del municipio se manifestaron este martes frente al Palacio Municipal para exigir la destituci\u00f3n del comandante Jorge Alberto Ortiz Zambrano, titular de la Polic\u00eda Municipal, tras presuntos abusos cometidos por sus elementos el pasado domingo por la noche.<\/p>\n<p>Seg\u00fan relataron los afectados, los hechos ocurrieron en la colonia Insurgentes Norte, cuando varios vecinos se encontraban descargando un equipo de sonido utilizado en una rodada por el D\u00eda del Ni\u00f1o, evento convocado por el propio ayuntamiento. La situaci\u00f3n escal\u00f3 cuando polic\u00edas municipales llegaron al sitio y, sin aparente justificaci\u00f3n, agredieron f\u00edsicamente a dos de los propietarios del equipo.<\/p>\n<p>\u201cEst\u00e1bamos colaborando con el evento, no haciendo nada malo. Llegaron y sin decir palabra comenzaron a golpearnos\u201d, relat\u00f3 uno de los manifestantes. Las v\u00edctimas presentaron lesiones visibles y aseguran que interpondr\u00e1n denuncias formales ante la Fiscal\u00eda.<\/p>\n<p>La protesta fue pac\u00edfica, pero contundente: pancartas y consignas exig\u00edan no solo la remoci\u00f3n del jefe policiaco, sino tambi\u00e9n una respuesta directa de la alcaldesa, a quien acusan de solapar los constantes atropellos de la corporaci\u00f3n desde que Ortiz Zambrano asumi\u00f3 el cargo.<\/p>\n<p>Los inconformes denunciaron que no es la primera vez que elementos municipales act\u00faan con prepotencia y violencia. \u201cDesde su llegada, los abusos han sido constantes. Este no es un hecho aislado, es una pr\u00e1ctica ya com\u00fan\u201d, afirmaron.<\/p>\n<p>Hasta el momento, la alcaldesa no ha emitido una declaraci\u00f3n oficial al respecto. Los manifestantes advirtieron que, de no obtener respuesta, intensificar\u00e1n sus acciones en los pr\u00f3ximos d\u00edas.<\/p>\n<p><img loading=\"lazy\" decoding=\"async\" class=\"alignnone size-medium wp-image-66448\" src=\"https:\/\/encuentroinformativo.com.mx\/wp-content\/uploads\/2025\/04\/IMG-20250429-WA0409-300x169.jpg\" alt=\"\" width=\"300\" height=\"169\" srcset=\"https:\/\/encuentroinformativo.com.mx\/wp-content\/uploads\/2025\/04\/IMG-20250429-WA0409-300x169.jpg 300w, https:\/\/encuentroinformativo.com.mx\/wp-content\/uploads\/2025\/04\/IMG-20250429-WA0409-1024x576.jpg 1024w, https:\/\/encuentroinformativo.com.mx\/wp-content\/uploads\/2025\/04\/IMG-20250429-WA0409-768x432.jpg 768w, https:\/\/encuentroinformativo.com.mx\/wp-content\/uploads\/2025\/04\/IMG-20250429-WA0409-1536x864.jpg 1536w, https:\/\/encuentroinformativo.com.mx\/wp-content\/uploads\/2025\/04\/IMG-20250429-WA0409.jpg 1600w\" sizes=\"auto, (max-width: 300px) 100vw, 300px\" \/><\/p>\n","protected":false},"excerpt":{"rendered":"<p>Jos\u00e9 Vargas Minatitl\u00e1n, Ver.- Ciudadanos del municipio se manifestaron este martes frente al Palacio Municipal para exigir la destituci\u00f3n del comandante Jorge Alberto Ortiz Zambrano, titular de la Polic\u00eda Municipal, tras presuntos abusos cometidos por sus elementos el pasado domingo por la noche. Seg\u00fan relataron los afectados, los hechos ocurrieron en la colonia Insurgentes Norte, [&hellip;]<\/p>\n","protected":false},"author":2476,"featured_media":66447,"comment_status":"open","ping_status":"open","sticky":false,"template":"","format":"standard","meta":{"_jetpack_memberships_contains_paid_content":false,"footnotes":""},"categories":[2],"tags":[],"class_list":["post-66446","post","type-post","status-publish","format-standard","has-post-thumbnail","hentry","category-estado"],"jetpack_featured_media_url":"https:\/\/encuentroinformativo.com.mx\/wp-content\/uploads\/2025\/04\/IMG-20250429-WA0408.jpg","jetpack_sharing_enabled":true,"jetpack_likes_enabled":true,"amp_enabled":true,"_links":{"self":[{"href":"https:\/\/encuentroinformativo.com.mx\/index.php?rest_route=\/wp\/v2\/posts\/66446","targetHints":{"allow":["GET"]}}],"collection":[{"href":"https:\/\/encuentroinformativo.com.mx\/index.php?rest_route=\/wp\/v2\/posts"}],"about":[{"href":"https:\/\/encuentroinformativo.com.mx\/index.php?rest_route=\/wp\/v2\/types\/post"}],"author":[{"embeddable":true,"href":"https:\/\/encuentroinformativo.com.mx\/index.php?rest_route=\/wp\/v2\/users\/2476"}],"replies":[{"embeddable":true,"href":"https:\/\/encuentroinformativo.com.mx\/index.php?rest_route=%2Fwp%2Fv2%2Fcomments&post=66446"}],"version-history":[{"count":1,"href":"https:\/\/encuentroinformativo.com.mx\/index.php?rest_route=\/wp\/v2\/posts\/66446\/revisions"}],"predecessor-version":[{"id":66449,"href":"https:\/\/encuentroinformativo.com.mx\/index.php?rest_route=\/wp\/v2\/posts\/66446\/revisions\/66449"}],"wp:featuredmedia":[{"embeddable":true,"href":"https:\/\/encuentroinformativo.com.mx\/index.php?rest_route=\/wp\/v2\/media\/66447"}],"wp:attachment":[{"href":"https:\/\/encuentroinformativo.com.mx\/index.php?rest_route=%2Fwp%2Fv2%2Fmedia&parent=66446"}],"wp:term":[{"taxonomy":"category","embeddable":true,"href":"https:\/\/encuentroinformativo.com.mx\/index.php?rest_route=%2Fwp%2Fv2%2Fcategories&post=66446"},{"taxonomy":"post_tag","embeddable":true,"href":"https:\/\/encuentroinformativo.com.mx\/index.php?rest_route=%2Fwp%2Fv2%2Ftags&post=66446"}],"curies":[{"name":"wp","href":"https:\/\/api.w.org\/{rel}","templated":true}]}}