{"id":66461,"date":"2025-04-30T08:33:47","date_gmt":"2025-04-30T14:33:47","guid":{"rendered":"https:\/\/encuentroinformativo.com.mx\/?p=66461"},"modified":"2025-04-30T08:33:47","modified_gmt":"2025-04-30T14:33:47","slug":"nunca-deje-de-trabajar-para-ustedes-memo-herrada","status":"publish","type":"post","link":"https:\/\/encuentroinformativo.com.mx\/?p=66461","title":{"rendered":"Nunca dej\u00e9 de trabajar para ustedes: Memo Herrada"},"content":{"rendered":"<p><strong>Alejandro \u00c1vila<\/strong><\/p>\n<p>Medell\u00edn de Bravo, Ver.- El candidato a la alcald\u00eda de Medell\u00edn de Bravo por Movimiento Ciudadano, Memo Herrada Jim\u00e9nez, dio inicio a su campa\u00f1a electoral con una festiva caminata por el Tejar, donde cientos de medellinenses se unieron en un clamor por un cambio verdadero.<\/p>\n<p>En un ambiente de entusiasmo y esperanza, los ciudadanos de todas las edades se reunieron para apoyar a Memo Herrada, quien prometi\u00f3 trabajar incansablemente por el bienestar de la comunidad. En su mensaje, al concluir la caminata, Herrada Jim\u00e9nez destac\u00f3 la importancia de la participaci\u00f3n ciudadana en la construcci\u00f3n de un futuro mejor para Medell\u00edn de Bravo.<\/p>\n<p>&#8220;Hoy comenzamos un viaje juntos, un viaje hacia un futuro donde cada voz cuenta, donde la transparencia y el compromiso son la base de nuestro gobierno. Medell\u00edn de Bravo merece un cambio, y juntos lo lograremos&#8221;, declar\u00f3 Memo a los asistentes.<\/p>\n<p>La caminata por el Tejar no solo simboliza el inicio de la campa\u00f1a, sino tambi\u00e9n un llamado a la unidad y la colaboraci\u00f3n de todos los ciudadanos que desean formar parte de este proyecto transformador. El candidato, acompa\u00f1ado de su equipo de trabajo y simpatizantes, recorri\u00f3 las calles saludando a los vecinos, escuchando sus inquietudes y recogiendo propuestas.<\/p>\n<p>El Movimiento Ciudadano se ha comprometido a impulsar pol\u00edticas que respondan a las verdaderas necesidades de la comunidad, enfoc\u00e1ndose en temas como la educaci\u00f3n, la seguridad, el desarrollo econ\u00f3mico y la mejora de los servicios p\u00fablicos.<\/p>\n","protected":false},"excerpt":{"rendered":"<p>Alejandro \u00c1vila Medell\u00edn de Bravo, Ver.- El candidato a la alcald\u00eda de Medell\u00edn de Bravo por Movimiento Ciudadano, Memo Herrada Jim\u00e9nez, dio inicio a su campa\u00f1a electoral con una festiva caminata por el Tejar, donde cientos de medellinenses se unieron en un clamor por un cambio verdadero. En un ambiente de entusiasmo y esperanza, los [&hellip;]<\/p>\n","protected":false},"author":2476,"featured_media":66462,"comment_status":"open","ping_status":"open","sticky":false,"template":"","format":"standard","meta":{"_jetpack_memberships_contains_paid_content":false,"footnotes":""},"categories":[2],"tags":[],"class_list":["post-66461","post","type-post","status-publish","format-standard","has-post-thumbnail","hentry","category-estado"],"jetpack_featured_media_url":"https:\/\/encuentroinformativo.com.mx\/wp-content\/uploads\/2025\/04\/IMG-20250430-WA0040.jpg","jetpack_sharing_enabled":true,"jetpack_likes_enabled":true,"amp_enabled":true,"_links":{"self":[{"href":"https:\/\/encuentroinformativo.com.mx\/index.php?rest_route=\/wp\/v2\/posts\/66461","targetHints":{"allow":["GET"]}}],"collection":[{"href":"https:\/\/encuentroinformativo.com.mx\/index.php?rest_route=\/wp\/v2\/posts"}],"about":[{"href":"https:\/\/encuentroinformativo.com.mx\/index.php?rest_route=\/wp\/v2\/types\/post"}],"author":[{"embeddable":true,"href":"https:\/\/encuentroinformativo.com.mx\/index.php?rest_route=\/wp\/v2\/users\/2476"}],"replies":[{"embeddable":true,"href":"https:\/\/encuentroinformativo.com.mx\/index.php?rest_route=%2Fwp%2Fv2%2Fcomments&post=66461"}],"version-history":[{"count":1,"href":"https:\/\/encuentroinformativo.com.mx\/index.php?rest_route=\/wp\/v2\/posts\/66461\/revisions"}],"predecessor-version":[{"id":66463,"href":"https:\/\/encuentroinformativo.com.mx\/index.php?rest_route=\/wp\/v2\/posts\/66461\/revisions\/66463"}],"wp:featuredmedia":[{"embeddable":true,"href":"https:\/\/encuentroinformativo.com.mx\/index.php?rest_route=\/wp\/v2\/media\/66462"}],"wp:attachment":[{"href":"https:\/\/encuentroinformativo.com.mx\/index.php?rest_route=%2Fwp%2Fv2%2Fmedia&parent=66461"}],"wp:term":[{"taxonomy":"category","embeddable":true,"href":"https:\/\/encuentroinformativo.com.mx\/index.php?rest_route=%2Fwp%2Fv2%2Fcategories&post=66461"},{"taxonomy":"post_tag","embeddable":true,"href":"https:\/\/encuentroinformativo.com.mx\/index.php?rest_route=%2Fwp%2Fv2%2Ftags&post=66461"}],"curies":[{"name":"wp","href":"https:\/\/api.w.org\/{rel}","templated":true}]}}