{"id":6647,"date":"2020-10-07T18:15:37","date_gmt":"2020-10-07T23:15:37","guid":{"rendered":"https:\/\/encuentroinformativo.com.mx\/?p=6647"},"modified":"2020-10-07T18:15:40","modified_gmt":"2020-10-07T23:15:40","slug":"extincion-de-fideicomisos-no-afectara-la-proteccion-civil-guadalupe-osorno","status":"publish","type":"post","link":"https:\/\/encuentroinformativo.com.mx\/?p=6647","title":{"rendered":"Extinci\u00f3n de fideicomisos no afectar\u00e1 la protecci\u00f3n civil: Guadalupe Osorno"},"content":{"rendered":"\n<p><strong>Dar\u00edo Pale <\/strong><\/p>\n\n\n\n<p>Xalapa, Ver.- La extinci\u00f3n de los fideicomisos federales, entre estos, el Fondo Nacional de Desastres (FONDEN) son justificables y aclar\u00f3 que la entidad no dejar\u00e1 de recibir recursos para la atenci\u00f3n de afectaciones causadas por desastres naturales, as\u00ed lo se\u00f1al\u00f3 la\u00a0secretaria de Protecci\u00f3n Civil en Veracruz, Guadalupe Osorno Maldonado.<\/p>\n\n\n\n<p>Entrevistada en las calles del centro de Xalapa se\u00f1al\u00f3 que &#8220;el hecho de que se haya votado el d\u00eda de ayer no quiere decir que el d\u00eda de hoy se vayan a cancelar los fideicomisos, tenemos que esperar las adecuaciones a las reglas de operaci\u00f3n de los fondos, lo\u00a0ha dicho el Presidente de la Rep\u00fablica, el hecho de que se quite la figura del fedeicomiso no quita los fondos&#8221;.<\/p>\n\n\n\n<p>Por ello en la entidad se sperar\u00e1n las nuevas reglas de operaci\u00f3n y se espera que sean menos burocr\u00e1ticas,\u00a0&#8220;lo hemos visto, el n\u00famero de declaratorias que no han podido bajar&#8221;.<\/p>\n\n\n\n<p>Respecto al FONDEN, dijo que no hubo transparencia en su manejo en la entidad durante el 2011 al 2018 e insisti\u00f3 en que dichos recursos fueron usados con fines electorales, lo que ya fue denunciado, dijo.<\/p>\n\n\n\n<p>En otro orden de ideas\u00a0asegur\u00f3 que con la tormenta tropical <em>\u201cGamma\u201d<\/em> se podr\u00eda presentar un crecimiento en la marea de tormenta por entre uno y tres metros,\u00a0\u201chabr\u00e1 efectos que esperamos no causen mayor afectaciones, pero s\u00ed tenemos un crecimiento en cuanto a la marea de tormenta, o sea en el nivel de la marea en costas veracruzanas se va a aumentar de uno a tres metros\u201d.<\/p>\n\n\n\n<p>Mencion\u00f3 que tambi\u00e9n se espera que haya rachas de viento, aunque estas no tendr\u00e1n la fuerza que mantienen cuando se trata de un frente fr\u00edo, adem\u00e1s de\u00a0que se est\u00e1 monitoreando una mancha de tormenta que podr\u00eda llegar a la zona sur de Veracruz, en la zona de los tuxtlas, para que en caso de que este curso siga y se pudieran dar lluvias, se notifique de inmediato.<\/p>\n","protected":false},"excerpt":{"rendered":"<p>Dar\u00edo Pale Xalapa, Ver.- La extinci\u00f3n de los fideicomisos federales, entre estos, el Fondo Nacional de Desastres (FONDEN) son justificables y aclar\u00f3 que la entidad no dejar\u00e1 de recibir recursos para la atenci\u00f3n de afectaciones causadas por desastres naturales, as\u00ed lo se\u00f1al\u00f3 la\u00a0secretaria de Protecci\u00f3n Civil en Veracruz, Guadalupe Osorno Maldonado. Entrevistada en las calles [&hellip;]<\/p>\n","protected":false},"author":1,"featured_media":6648,"comment_status":"open","ping_status":"open","sticky":false,"template":"","format":"standard","meta":{"_jetpack_memberships_contains_paid_content":false,"footnotes":""},"categories":[2],"tags":[],"class_list":["post-6647","post","type-post","status-publish","format-standard","has-post-thumbnail","hentry","category-estado"],"jetpack_featured_media_url":"https:\/\/encuentroinformativo.com.mx\/wp-content\/uploads\/2020\/10\/3E6B0A7C-B704-4560-9D3E-736DBE74193E.jpeg","jetpack_sharing_enabled":true,"jetpack_likes_enabled":true,"amp_enabled":true,"_links":{"self":[{"href":"https:\/\/encuentroinformativo.com.mx\/index.php?rest_route=\/wp\/v2\/posts\/6647","targetHints":{"allow":["GET"]}}],"collection":[{"href":"https:\/\/encuentroinformativo.com.mx\/index.php?rest_route=\/wp\/v2\/posts"}],"about":[{"href":"https:\/\/encuentroinformativo.com.mx\/index.php?rest_route=\/wp\/v2\/types\/post"}],"author":[{"embeddable":true,"href":"https:\/\/encuentroinformativo.com.mx\/index.php?rest_route=\/wp\/v2\/users\/1"}],"replies":[{"embeddable":true,"href":"https:\/\/encuentroinformativo.com.mx\/index.php?rest_route=%2Fwp%2Fv2%2Fcomments&post=6647"}],"version-history":[{"count":1,"href":"https:\/\/encuentroinformativo.com.mx\/index.php?rest_route=\/wp\/v2\/posts\/6647\/revisions"}],"predecessor-version":[{"id":6649,"href":"https:\/\/encuentroinformativo.com.mx\/index.php?rest_route=\/wp\/v2\/posts\/6647\/revisions\/6649"}],"wp:featuredmedia":[{"embeddable":true,"href":"https:\/\/encuentroinformativo.com.mx\/index.php?rest_route=\/wp\/v2\/media\/6648"}],"wp:attachment":[{"href":"https:\/\/encuentroinformativo.com.mx\/index.php?rest_route=%2Fwp%2Fv2%2Fmedia&parent=6647"}],"wp:term":[{"taxonomy":"category","embeddable":true,"href":"https:\/\/encuentroinformativo.com.mx\/index.php?rest_route=%2Fwp%2Fv2%2Fcategories&post=6647"},{"taxonomy":"post_tag","embeddable":true,"href":"https:\/\/encuentroinformativo.com.mx\/index.php?rest_route=%2Fwp%2Fv2%2Ftags&post=6647"}],"curies":[{"name":"wp","href":"https:\/\/api.w.org\/{rel}","templated":true}]}}