{"id":66476,"date":"2025-04-30T12:01:03","date_gmt":"2025-04-30T18:01:03","guid":{"rendered":"https:\/\/encuentroinformativo.com.mx\/?p=66476"},"modified":"2025-04-30T12:01:03","modified_gmt":"2025-04-30T18:01:03","slug":"tras-desalojo-familia-pide-ayuda-a-las-autoridades-estatales","status":"publish","type":"post","link":"https:\/\/encuentroinformativo.com.mx\/?p=66476","title":{"rendered":"Tras desalojo, familia pide ayuda a las autoridades estatales"},"content":{"rendered":"<p><strong>Dar\u00edo Pale<\/strong><\/p>\n<p>Xalapa, Ver.- La se\u00f1ora Nadia Citlali Soto Villarreal de oficio cocinera y 2 j\u00f3venes (sus hijos), se manifestaron en las escalinatas de la Catedral para solicitar el apoyo de las autoridades ya que fue desalojada sin alguna orden judicial.<\/p>\n<p>Entrevistada durante la manifestaci\u00f3n se\u00f1al\u00f3 que quieren hablar con la gobernadora o con el secretario de gobierno para que los ayuden ya acudieron a diferentes dependencias y nadie los quiere apoyar para que no fueran desalojados.<\/p>\n<p>Dijo que fue desalojada y despojada con su familia sin orden judicial, anteriormente ya se ha manifestado en el Congreso del Estado y palacio legislativo sin que a la fecha los hayan apoyado.<\/p>\n<p>\u201cQueremos hablar con la se\u00f1ora gobernadora o el secretario de Gobernaci\u00f3n para que nos traten de ayudar porque ya fuimos al Congreso, fuimos ya al Poder Judicial, ya fuimos al DIF, ya fuimos al Secretario de Mujeres y nadie nos quiso ayudar justamente para evitar el desalojo, pero pues nadie quiso ayudarlos y ya durante el desalojo ya nadie los apoyo\u201d, se\u00f1al\u00f3.<\/p>\n<p>Por lo anterior est\u00e1 solicitando el apoyo de las autoridades para que puedan conseguir una vivienda o un lugar donde se puedan quedar, se han estado quedando con algunos conocidos, que les han regalado ropa, comida, ya que ellos no tienen nada.<\/p>\n<p>En cuanto al motivo del desalojo coment\u00f3 que, \u201cyo no comprendo porque ya hab\u00eda, justamente en el Poder Judicial ya ten\u00edamos un acuerdo para entregar el 17 de junio y el se\u00f1or pues fue y nos desaloj\u00f3 y nos despoj\u00f3 de nuestras cosas el lunes pasado, sin mandato judicial\u201d.<\/p>\n<p>Finalmente coment\u00f3, \u201cya fui a las otras autoridades, a los otros poderes y no nos hicieron caso, este es el \u00faltimo intento, y pues si no nos atienden, nos vamos a quedar aqu\u00ed y vamos a venir, mi hijo con discapacidad intelectual, hidrocefalia, epilepsia, hijo menor y mi hijo mayor de 16 a\u00f1os, yo me estoy recuperando de una par\u00e1lisis facial, perd\u00ed el 70 por ciento de mi visi\u00f3n de mi ojo izquierdo, justamente apenas, entonces, pues, es una cosa complicada\u201d.<\/p>\n","protected":false},"excerpt":{"rendered":"<p>Dar\u00edo Pale Xalapa, Ver.- La se\u00f1ora Nadia Citlali Soto Villarreal de oficio cocinera y 2 j\u00f3venes (sus hijos), se manifestaron en las escalinatas de la Catedral para solicitar el apoyo de las autoridades ya que fue desalojada sin alguna orden judicial. Entrevistada durante la manifestaci\u00f3n se\u00f1al\u00f3 que quieren hablar con la gobernadora o con el [&hellip;]<\/p>\n","protected":false},"author":2476,"featured_media":66477,"comment_status":"open","ping_status":"open","sticky":false,"template":"","format":"standard","meta":{"_jetpack_memberships_contains_paid_content":false,"footnotes":""},"categories":[2],"tags":[],"class_list":["post-66476","post","type-post","status-publish","format-standard","has-post-thumbnail","hentry","category-estado"],"jetpack_featured_media_url":"https:\/\/encuentroinformativo.com.mx\/wp-content\/uploads\/2025\/04\/IMG-20250430-WA01672.jpg","jetpack_sharing_enabled":true,"jetpack_likes_enabled":true,"amp_enabled":true,"_links":{"self":[{"href":"https:\/\/encuentroinformativo.com.mx\/index.php?rest_route=\/wp\/v2\/posts\/66476","targetHints":{"allow":["GET"]}}],"collection":[{"href":"https:\/\/encuentroinformativo.com.mx\/index.php?rest_route=\/wp\/v2\/posts"}],"about":[{"href":"https:\/\/encuentroinformativo.com.mx\/index.php?rest_route=\/wp\/v2\/types\/post"}],"author":[{"embeddable":true,"href":"https:\/\/encuentroinformativo.com.mx\/index.php?rest_route=\/wp\/v2\/users\/2476"}],"replies":[{"embeddable":true,"href":"https:\/\/encuentroinformativo.com.mx\/index.php?rest_route=%2Fwp%2Fv2%2Fcomments&post=66476"}],"version-history":[{"count":1,"href":"https:\/\/encuentroinformativo.com.mx\/index.php?rest_route=\/wp\/v2\/posts\/66476\/revisions"}],"predecessor-version":[{"id":66478,"href":"https:\/\/encuentroinformativo.com.mx\/index.php?rest_route=\/wp\/v2\/posts\/66476\/revisions\/66478"}],"wp:featuredmedia":[{"embeddable":true,"href":"https:\/\/encuentroinformativo.com.mx\/index.php?rest_route=\/wp\/v2\/media\/66477"}],"wp:attachment":[{"href":"https:\/\/encuentroinformativo.com.mx\/index.php?rest_route=%2Fwp%2Fv2%2Fmedia&parent=66476"}],"wp:term":[{"taxonomy":"category","embeddable":true,"href":"https:\/\/encuentroinformativo.com.mx\/index.php?rest_route=%2Fwp%2Fv2%2Fcategories&post=66476"},{"taxonomy":"post_tag","embeddable":true,"href":"https:\/\/encuentroinformativo.com.mx\/index.php?rest_route=%2Fwp%2Fv2%2Ftags&post=66476"}],"curies":[{"name":"wp","href":"https:\/\/api.w.org\/{rel}","templated":true}]}}