{"id":6650,"date":"2020-10-08T09:06:00","date_gmt":"2020-10-08T14:06:00","guid":{"rendered":"https:\/\/encuentroinformativo.com.mx\/?p=6650"},"modified":"2020-10-08T09:06:03","modified_gmt":"2020-10-08T14:06:03","slug":"cancer-de-mama","status":"publish","type":"post","link":"https:\/\/encuentroinformativo.com.mx\/?p=6650","title":{"rendered":"C\u00e1ncer de mama"},"content":{"rendered":"\n<p><strong>Los Pol\u00edticos<\/strong><\/p>\n\n\n\n<p><strong>Salvador Mu\u00f1oz<\/strong><\/p>\n\n\n\n<p>El diagn\u00f3stico fue c\u00e1ncer de mama. De manera circunstancial es que se le pudo detectar: en casa, tropieza esta se\u00f1ora de 70 a\u00f1os de edad, y se golpea en las escaleras en el pecho. El moret\u00f3n que aparece en la mama se entiende, pero siete u ocho meses despu\u00e9s, la bolita ya era del tama\u00f1o de una naranja. Lamentablemente perdi\u00f3 el seno. Casos como \u00e9ste, se dan muchos. Circunstancias ajenas a lo que debiera ser una revisi\u00f3n peri\u00f3dica, un chequeo, o hasta la misma autoexploraci\u00f3n, son las que llevan a la oraci\u00f3n inicial de este p\u00e1rrafo: El diagn\u00f3stico fue c\u00e1ncer de mama.<\/p>\n\n\n\n<p>Es octubre, mes de sensibilizaci\u00f3n sobre el c\u00e1ncer de mama o el mes rosa\u2026 y en la Cl\u00ednica Hospital del Issste en Xalapa, por razones de la contingencia sanitaria, no se realizar\u00e1 la Feria de la Salud como se ven\u00eda haciendo\u2026 hoy, se trata de capacitaci\u00f3n al personal y tambi\u00e9n, aprovechando la espera de la consulta, a pacientes. Incluso, la idea es crear y generar m\u00e1s conciencia en el derechohabiente sobre este problema de salud.<\/p>\n\n\n\n<p>Se platica del c\u00e1ncer de mama con los doctores Karla Aburto Hern\u00e1ndez, Oscar Ochoa, Eduardo Urquidi, y el director de la Cl\u00ednica Hospital del Issste en esta capital veracruzana, Juan Carlos Ch\u00e1vez Quiroz.<\/p>\n\n\n\n<p>El tema es sumamente delicado, m\u00e1s cuando los \u00faltimos datos que se arrojan en la derechohabiencia, es que hay 244 mujeres en protocolo de estudio por este mal.<\/p>\n\n\n\n<p>El tema es demasiado serio y uno trata de entender c\u00f3mo es posible que en M\u00e9xico, el c\u00e1ncer de mama haya rebasado el n\u00famero de casos de c\u00e1ncer c\u00e9rvico-uterino\u2026 de cualquier modo, no deja de preocupar ni uno ni el otro.<\/p>\n\n\n\n<p>El tema debe llevarnos a la reflexi\u00f3n, m\u00e1s cuando el c\u00e1ncer de mama deja de ser un asunto exclusivo para las mujeres y se busca llevar a los varones a la concientizaci\u00f3n\u2026<\/p>\n\n\n\n<p>\u2013\u00bfHablamos de machismo?\u2013 interrumpo a la doctora Karla Aburto, y si bien este comportamiento que obliga a las se\u00f1oras a buscar a Doctoras para su revisi\u00f3n, por pudor en ellas; por inseguridad, en los maridos, no es a lo que se refiere exactamente, sino que en los hombres tambi\u00e9n \u201cse da\u201d el c\u00e1ncer de mama.<\/p>\n\n\n\n<p>El doctor Ochoa platica de los factores de riesgo que pueden favorecer \u201cla aparici\u00f3n\u201d del C\u00e1ncer de Mama, como es por patolog\u00eda, ambientales, o hasta gen\u00e9tica, agrega Ch\u00e1vez Quiroz. En otras palabras, la diabetes y la hipertensi\u00f3n son dos&nbsp; elementos que hay que estar controlando; del mismo modo, atender los h\u00e1bitos alimenticios m\u00e1s cuando hay productos en nuestra mesa que son transg\u00e9nicos o tienen conservadores, aunque todos coinciden en que se debe dejar de tener esa actitud curativa del m\u00e9dico para tomar la actitud preventiva, consistente en algo tan simple como un chequeo.<\/p>\n\n\n\n<p>No se puede evitar cuestionar al director Ch\u00e1vez Quiroz c\u00f3mo resolver los h\u00e1bitos alimenticios ante una situaci\u00f3n econ\u00f3mica dif\u00edcil de sostener en algunos hogares. La respuesta la dirige al derechohabiente: pueden venir a la cl\u00ednica, se les hace un chequeo, y si as\u00ed lo desean, se canaliza al nutri\u00f3logo. En pocas palabras, el Doctor propone que se acerquen a las instituciones, pero no s\u00f3lo cuando se sientan mal.<\/p>\n\n\n\n<p>Si bien la contingencia sanitaria obliga a hacer m\u00e1s con lo que se tiene, en la Cl\u00ednica Hospital del Issste el c\u00e1ncer de mama no es tema de un mes, sino de prevenci\u00f3n, promoci\u00f3n y concientizaci\u00f3n diaria, y no s\u00f3lo en los pacientes, incluso en su mismo personal\u2026 la idea es permear que no hay que sentirse mal, enfermo o esperar un accidente para acudir al m\u00e9dico\u2026 en este caso si es derechohabiente, una vez al a\u00f1o, m\u00ednimo, que acuda a su doctor\u2026 una forma de prevenir el c\u00e1ncer de mama o cualquier otra enfermedad, es acercarse a la Cl\u00ednica Hospital del Issste aqu\u00ed en Xalapa.<\/p>\n\n\n\n<p><a href=\"mailto:smcainito@gmail.com\" target=\"_blank\" rel=\"noreferrer noopener\">smcainito@gmail.com<\/a><\/p>\n","protected":false},"excerpt":{"rendered":"<p>Los Pol\u00edticos Salvador Mu\u00f1oz El diagn\u00f3stico fue c\u00e1ncer de mama. De manera circunstancial es que se le pudo detectar: en casa, tropieza esta se\u00f1ora de 70 a\u00f1os de edad, y se golpea en las escaleras en el pecho. El moret\u00f3n que aparece en la mama se entiende, pero siete u ocho meses despu\u00e9s, la bolita [&hellip;]<\/p>\n","protected":false},"author":1,"featured_media":387,"comment_status":"open","ping_status":"open","sticky":false,"template":"","format":"standard","meta":{"_jetpack_memberships_contains_paid_content":false,"footnotes":""},"categories":[11],"tags":[],"class_list":["post-6650","post","type-post","status-publish","format-standard","has-post-thumbnail","hentry","category-opinion"],"jetpack_featured_media_url":"https:\/\/encuentroinformativo.com.mx\/wp-content\/uploads\/2020\/03\/7CF8A22B-2764-47BE-8F7F-38FE9E5D6A2F.jpeg","jetpack_sharing_enabled":true,"jetpack_likes_enabled":true,"amp_enabled":true,"_links":{"self":[{"href":"https:\/\/encuentroinformativo.com.mx\/index.php?rest_route=\/wp\/v2\/posts\/6650","targetHints":{"allow":["GET"]}}],"collection":[{"href":"https:\/\/encuentroinformativo.com.mx\/index.php?rest_route=\/wp\/v2\/posts"}],"about":[{"href":"https:\/\/encuentroinformativo.com.mx\/index.php?rest_route=\/wp\/v2\/types\/post"}],"author":[{"embeddable":true,"href":"https:\/\/encuentroinformativo.com.mx\/index.php?rest_route=\/wp\/v2\/users\/1"}],"replies":[{"embeddable":true,"href":"https:\/\/encuentroinformativo.com.mx\/index.php?rest_route=%2Fwp%2Fv2%2Fcomments&post=6650"}],"version-history":[{"count":1,"href":"https:\/\/encuentroinformativo.com.mx\/index.php?rest_route=\/wp\/v2\/posts\/6650\/revisions"}],"predecessor-version":[{"id":6651,"href":"https:\/\/encuentroinformativo.com.mx\/index.php?rest_route=\/wp\/v2\/posts\/6650\/revisions\/6651"}],"wp:featuredmedia":[{"embeddable":true,"href":"https:\/\/encuentroinformativo.com.mx\/index.php?rest_route=\/wp\/v2\/media\/387"}],"wp:attachment":[{"href":"https:\/\/encuentroinformativo.com.mx\/index.php?rest_route=%2Fwp%2Fv2%2Fmedia&parent=6650"}],"wp:term":[{"taxonomy":"category","embeddable":true,"href":"https:\/\/encuentroinformativo.com.mx\/index.php?rest_route=%2Fwp%2Fv2%2Fcategories&post=6650"},{"taxonomy":"post_tag","embeddable":true,"href":"https:\/\/encuentroinformativo.com.mx\/index.php?rest_route=%2Fwp%2Fv2%2Ftags&post=6650"}],"curies":[{"name":"wp","href":"https:\/\/api.w.org\/{rel}","templated":true}]}}