{"id":66517,"date":"2025-05-01T14:52:01","date_gmt":"2025-05-01T20:52:01","guid":{"rendered":"https:\/\/encuentroinformativo.com.mx\/?p=66517"},"modified":"2025-05-01T14:52:01","modified_gmt":"2025-05-01T20:52:01","slug":"ramos-alor-a-imss-bienestar","status":"publish","type":"post","link":"https:\/\/encuentroinformativo.com.mx\/?p=66517","title":{"rendered":"RAMOS ALOR, A IMSS BIENESTAR"},"content":{"rendered":"<p dir=\"ltr\"><strong>Los Pol\u00edticos<\/strong><\/p>\n<p dir=\"ltr\"><strong>Salvador Mu\u00f1oz<\/strong><\/p>\n<p dir=\"ltr\">Han de disculpar la Gobernadora y de paso la Presidenta, pero si es cierto lo que se viene comentando en los corrillos de Palacio de Gobierno, creo que a los veracruzanos tenemos malas noticias que darles: Llega Roberto Ramos Alor a la Coordinaci\u00f3n de IMSS-Bienestar.<\/p>\n<p dir=\"ltr\">El diputado federal por el distrito 11, Coatzacoalcos, vendr\u00eda a ser el relevo de Romana Guti\u00e9rrez Polo, quien dicho sea de paso, hab\u00eda sido objeto de observaciones muy severas por el desempe\u00f1o o m\u00e1s bien nulo desempe\u00f1o en los Hospitales de Veracruz, y si no, baste recordar cuando dej\u00f3 sin medicamentos al Hospital Luis F. Nach\u00f3n teniendo \u00e9ste que declararse incompetente para practicar cirug\u00edas\u2026 de no ser por la pronta intervenci\u00f3n de la GoberNahle y el titular de Salud, Valent\u00edn Herrera Alarc\u00f3n, dijeran, hubiera escalado esto a dimensiones extraordinarias\u2026<\/p>\n<p dir=\"ltr\">El asunto es que pareciera que la idea de traer a Roberto Ramos Alor a ocupar esta coordinaci\u00f3n nos lleva a dos ideas:<\/p>\n<p dir=\"ltr\">La primera) Salimos de Guatemala para entrar a Guate-Alor?<\/p>\n<p dir=\"ltr\">La segunda) A ver si no nos sale la Presidenta o la Gobernadora, o quien haya tenido injerencia en el posicionamiento de Ramos Alor, que \u201cning\u00fan chile nos embona\u201d, citando al excelso pachuco del Congreso federal.<\/p>\n<p dir=\"ltr\">La preocupaci\u00f3n en cuanto al arribo de Ramos Alor es por los antecedentes que dej\u00f3 en su administraci\u00f3n como titular de Salud:<\/p>\n<p dir=\"ltr\">Desabasto de medicamentos: Aunque en abril de 2019 se report\u00f3 un abasto del 80-90%, posteriormente se reconoci\u00f3 que el suministro descend\u00eda r\u00e1pidamente debido a la alta demanda. En su \u00faltima comparecencia en diciembre de 2021, justific\u00f3 un abasto del 70%, lo que gener\u00f3 cuestionamientos por parte de legisladores, incluso de su mismo partido.<br \/>\nManejo de la pandemia: Durante la emergencia sanitaria, trabajadores de salud denunciaron la falta de equipo de protecci\u00f3n adecuado. Ramos Alor fue criticado por minimizar estas quejas y por contratar empresas no especializadas para suministrar insumos m\u00e9dicos, lo que fue se\u00f1alado por el Orfis, como una irregularidad.<\/p>\n<p dir=\"ltr\">Declaraciones pol\u00e9micas: En junio de 2021, al ser cuestionado por periodistas sobre la compra de medicamentos a una empresa vinculada a Carlos Lomel\u00ed, en ese entonces funcionario de Gobierno federal, respondi\u00f3 de manera despectiva, con una frase que pasa en letras de cobre al anecdotario del folclore pol\u00edtico veracruzano: \u201cNing\u00fan chile les embona\u201d.<\/p>\n<p dir=\"ltr\">\u00bfHa visto que al Congreso de la Uni\u00f3n llega con una pinta entre Dandy y Pachuco? Bueno, pues aunque parece \u201cCaballero\u201d no lo es\u2026 y tampoco dama\u2026 pero hay que recordar tambi\u00e9n que la hoy delegada del Infonavit en Veracruz, Anil\u00fa Ingram, lo demand\u00f3 por Violencia Pol\u00edtica de G\u00e9nero por faltarle el respeto a una diputada y a la vez, a una mujer\u2026<\/p>\n<p dir=\"ltr\">O qu\u00e9 decir de las severas cr\u00edticas que el entonces diputado local Marlon Ram\u00edrez Mar\u00edn le hizo, en especial la \u00faltima cuando Ramos Alor present\u00f3 su renuncia a la Secretar\u00eda de Salud, dejando un da\u00f1o patrimonial en la dependencia por m\u00e1s de 2 mil 400 millones de pesos, sin contar los 1 mil 108 millones de pesos que \u201cdevolvi\u00f3\u201d a la Federaci\u00f3n\u2026<\/p>\n<p dir=\"ltr\">El genio o la genia que tuvo la brillante idea de traer a Roberto Ramos Alor en lugar de Romana Guti\u00e9rrez, simplemente deja ver que poco o nada conoce de lo que hizo (o dej\u00f3 de hacer) este se\u00f1or en la secretar\u00eda de Salud en uno de los peores gobiernos que hayamos vivido los veracruzanos\u2026 o acaso piensan quitarle ese emblem\u00e1tico lugar a Cuitl\u00e1huac a menos de seis meses de Gobierno?<\/p>\n","protected":false},"excerpt":{"rendered":"<p>Los Pol\u00edticos Salvador Mu\u00f1oz Han de disculpar la Gobernadora y de paso la Presidenta, pero si es cierto lo que se viene comentando en los corrillos de Palacio de Gobierno, creo que a los veracruzanos tenemos malas noticias que darles: Llega Roberto Ramos Alor a la Coordinaci\u00f3n de IMSS-Bienestar. El diputado federal por el distrito [&hellip;]<\/p>\n","protected":false},"author":2476,"featured_media":387,"comment_status":"open","ping_status":"open","sticky":false,"template":"","format":"standard","meta":{"_jetpack_memberships_contains_paid_content":false,"footnotes":""},"categories":[11],"tags":[],"class_list":["post-66517","post","type-post","status-publish","format-standard","has-post-thumbnail","hentry","category-opinion"],"jetpack_featured_media_url":"https:\/\/encuentroinformativo.com.mx\/wp-content\/uploads\/2020\/03\/7CF8A22B-2764-47BE-8F7F-38FE9E5D6A2F.jpeg","jetpack_sharing_enabled":true,"jetpack_likes_enabled":true,"amp_enabled":true,"_links":{"self":[{"href":"https:\/\/encuentroinformativo.com.mx\/index.php?rest_route=\/wp\/v2\/posts\/66517","targetHints":{"allow":["GET"]}}],"collection":[{"href":"https:\/\/encuentroinformativo.com.mx\/index.php?rest_route=\/wp\/v2\/posts"}],"about":[{"href":"https:\/\/encuentroinformativo.com.mx\/index.php?rest_route=\/wp\/v2\/types\/post"}],"author":[{"embeddable":true,"href":"https:\/\/encuentroinformativo.com.mx\/index.php?rest_route=\/wp\/v2\/users\/2476"}],"replies":[{"embeddable":true,"href":"https:\/\/encuentroinformativo.com.mx\/index.php?rest_route=%2Fwp%2Fv2%2Fcomments&post=66517"}],"version-history":[{"count":1,"href":"https:\/\/encuentroinformativo.com.mx\/index.php?rest_route=\/wp\/v2\/posts\/66517\/revisions"}],"predecessor-version":[{"id":66518,"href":"https:\/\/encuentroinformativo.com.mx\/index.php?rest_route=\/wp\/v2\/posts\/66517\/revisions\/66518"}],"wp:featuredmedia":[{"embeddable":true,"href":"https:\/\/encuentroinformativo.com.mx\/index.php?rest_route=\/wp\/v2\/media\/387"}],"wp:attachment":[{"href":"https:\/\/encuentroinformativo.com.mx\/index.php?rest_route=%2Fwp%2Fv2%2Fmedia&parent=66517"}],"wp:term":[{"taxonomy":"category","embeddable":true,"href":"https:\/\/encuentroinformativo.com.mx\/index.php?rest_route=%2Fwp%2Fv2%2Fcategories&post=66517"},{"taxonomy":"post_tag","embeddable":true,"href":"https:\/\/encuentroinformativo.com.mx\/index.php?rest_route=%2Fwp%2Fv2%2Ftags&post=66517"}],"curies":[{"name":"wp","href":"https:\/\/api.w.org\/{rel}","templated":true}]}}