{"id":66520,"date":"2025-05-01T14:55:57","date_gmt":"2025-05-01T20:55:57","guid":{"rendered":"https:\/\/encuentroinformativo.com.mx\/?p=66520"},"modified":"2025-05-01T14:55:57","modified_gmt":"2025-05-01T20:55:57","slug":"toman-tecnologico-de-tierra-blanca-por-adeudo-a-personal","status":"publish","type":"post","link":"https:\/\/encuentroinformativo.com.mx\/?p=66520","title":{"rendered":"Toman Tecnol\u00f3gico de Tierra Blanca por adeudo a personal"},"content":{"rendered":"<p><strong>Alejandro \u00c1vila<\/strong><\/p>\n<p>Tierra Blanca, Ver.- Trabajadores del Instituto Tecnol\u00f3gico Superior de Tierra Blanca mantienen tomadas las instalaciones del plantel en reclamo del pago de la \u00faltima quincena, que afect\u00f3 a los 250 empleados sindicalizados y de confianza, sin que la Direcci\u00f3n a cargo de Elvis Javier Recio Campos ofrezca una explicaci\u00f3n.<\/p>\n<p>A primera hora de este 1 de mayo, Dia del Trabajo, los miembros del Sindicato de Trabajadores de la Educaci\u00f3n de Institutos Tecnol\u00f3gicos Superiores, iniciaron un plant\u00f3n en la puerta del plantel para exigir el pago devengado y reclamar otras prestaciones pendientes.<\/p>\n<p>Ante la indiferencia del Director Elvis Javier Recio, pidieron la intervenci\u00f3n de la gobernadora Roc\u00edo Nahle y de la secretaria de Educaci\u00f3n, Claudia Tello Espinosa para resolver el problema.<\/p>\n<p>Se\u00f1alaron que hasta ahora, s\u00f3lo Ra\u00fal Rosario Fern\u00e1ndez, el jefe del Departamento de Recursos Humanos,<br \/>\nargument\u00f3 que es por un problema con la banca de Secretar\u00eda de Finanzas y Planeaci\u00f3n, pero no dan fecha para resolver.<\/p>\n<p>Los inconformes se\u00f1alan que la Direcci\u00f3n hace caso omiso a las reiteradas solicitudes de di\u00e1logo y negociaci\u00f3n para resolver el incumplimiento de diversas cl\u00e1usulas del Contrato Colectivo de Trabajo (CCT) y la legislaci\u00f3n laboral vigente.<\/p>\n<p>Lejos de buscar soluciones, el Encargado de la Direcci\u00f3n, opt\u00f3 por una estrategia divisiva, visitando salones intentando involucrar al alumnado en un conflicto estrictamente laboral.<\/p>\n<p>Aunque la manifestaci\u00f3n se realiza en dias de asueto, el sindicato reiter\u00f3 el compromiso con los tres mil estudiantes, como prioridad, por esta raz\u00f3n hacemos uso de nuestro derecho manifest\u00e1ndonos en un d\u00eda inh\u00e1bil, esperando que las autoridades competentes lo resuelvan.<\/p>\n<p>El ITSTB cuenta con una plantilla de unos 250 trabajadores y tres mil estudiantes de diferentes carreras que proceden de la regi\u00f3n de la Cuenca del Papaloapan.<\/p>\n","protected":false},"excerpt":{"rendered":"<p>Alejandro \u00c1vila Tierra Blanca, Ver.- Trabajadores del Instituto Tecnol\u00f3gico Superior de Tierra Blanca mantienen tomadas las instalaciones del plantel en reclamo del pago de la \u00faltima quincena, que afect\u00f3 a los 250 empleados sindicalizados y de confianza, sin que la Direcci\u00f3n a cargo de Elvis Javier Recio Campos ofrezca una explicaci\u00f3n. A primera hora de [&hellip;]<\/p>\n","protected":false},"author":2476,"featured_media":66521,"comment_status":"open","ping_status":"open","sticky":false,"template":"","format":"standard","meta":{"_jetpack_memberships_contains_paid_content":false,"footnotes":""},"categories":[2],"tags":[],"class_list":["post-66520","post","type-post","status-publish","format-standard","has-post-thumbnail","hentry","category-estado"],"jetpack_featured_media_url":"https:\/\/encuentroinformativo.com.mx\/wp-content\/uploads\/2025\/05\/IMG-20250501-WA0285-scaled.jpg","jetpack_sharing_enabled":true,"jetpack_likes_enabled":true,"amp_enabled":true,"_links":{"self":[{"href":"https:\/\/encuentroinformativo.com.mx\/index.php?rest_route=\/wp\/v2\/posts\/66520","targetHints":{"allow":["GET"]}}],"collection":[{"href":"https:\/\/encuentroinformativo.com.mx\/index.php?rest_route=\/wp\/v2\/posts"}],"about":[{"href":"https:\/\/encuentroinformativo.com.mx\/index.php?rest_route=\/wp\/v2\/types\/post"}],"author":[{"embeddable":true,"href":"https:\/\/encuentroinformativo.com.mx\/index.php?rest_route=\/wp\/v2\/users\/2476"}],"replies":[{"embeddable":true,"href":"https:\/\/encuentroinformativo.com.mx\/index.php?rest_route=%2Fwp%2Fv2%2Fcomments&post=66520"}],"version-history":[{"count":2,"href":"https:\/\/encuentroinformativo.com.mx\/index.php?rest_route=\/wp\/v2\/posts\/66520\/revisions"}],"predecessor-version":[{"id":66523,"href":"https:\/\/encuentroinformativo.com.mx\/index.php?rest_route=\/wp\/v2\/posts\/66520\/revisions\/66523"}],"wp:featuredmedia":[{"embeddable":true,"href":"https:\/\/encuentroinformativo.com.mx\/index.php?rest_route=\/wp\/v2\/media\/66521"}],"wp:attachment":[{"href":"https:\/\/encuentroinformativo.com.mx\/index.php?rest_route=%2Fwp%2Fv2%2Fmedia&parent=66520"}],"wp:term":[{"taxonomy":"category","embeddable":true,"href":"https:\/\/encuentroinformativo.com.mx\/index.php?rest_route=%2Fwp%2Fv2%2Fcategories&post=66520"},{"taxonomy":"post_tag","embeddable":true,"href":"https:\/\/encuentroinformativo.com.mx\/index.php?rest_route=%2Fwp%2Fv2%2Ftags&post=66520"}],"curies":[{"name":"wp","href":"https:\/\/api.w.org\/{rel}","templated":true}]}}