{"id":66524,"date":"2025-05-01T15:00:16","date_gmt":"2025-05-01T21:00:16","guid":{"rendered":"https:\/\/encuentroinformativo.com.mx\/?p=66524"},"modified":"2025-05-01T15:00:16","modified_gmt":"2025-05-01T21:00:16","slug":"identificados-autores-intelectuales-de-homicidio-del-candidato-de-coxquihui","status":"publish","type":"post","link":"https:\/\/encuentroinformativo.com.mx\/?p=66524","title":{"rendered":"Identificados autores intelectuales de homicidio del candidato de Coxquihui"},"content":{"rendered":"<p><strong>Dar\u00edo Pale<\/strong><\/p>\n<p>Xalapa, Ver.- La gobernadora del estado Norma Roc\u00edo Nahle Garc\u00eda dio a conocer que ya tiene identificado al agresor y a los agresores intelectuales del candidato a la alcald\u00eda de Coxquihui de Morena German Anuar Valencia.<\/p>\n<p>En entrevista previa al desfile conmemorativo del D\u00eda Internacional del Trabajo dijo que \u201cesta desgracia, es lamentable, pero ya tenemos identificado al agresor y a los agresores intelectuales\u201d.<\/p>\n<p>En otro orden de ideas dio a conocer que el doctor Roberto Ramos Alor se integrar\u00e1 al IMSS Bienestar dijo que el doctor es un gran especialista y los ha ayudado mucho adem\u00e1s de que es un gran compa\u00f1ero y un profesional.<\/p>\n<p>\u201cEl doctor es un gran especialista, nos ha ayudado mucho, es un gran compa\u00f1ero, es un profesional y estamos muy contentos y agradecidos con la doctora Romana, que trabaj\u00f3 much\u00edsimo aqu\u00ed en Veracruz\u201d, se\u00f1al\u00f3.<\/p>\n<p>La doctora Romana se la llevan al IMSS Bienestar a M\u00e9xico a ayudar en una de las direcciones al doctor Alejandro Svarch P\u00e9rez.<\/p>\n<p>Finalmente dijo que del nuevo titular en Veracruz del IMSS es solo su trabajo.<\/p>\n","protected":false},"excerpt":{"rendered":"<p>Dar\u00edo Pale Xalapa, Ver.- La gobernadora del estado Norma Roc\u00edo Nahle Garc\u00eda dio a conocer que ya tiene identificado al agresor y a los agresores intelectuales del candidato a la alcald\u00eda de Coxquihui de Morena German Anuar Valencia. En entrevista previa al desfile conmemorativo del D\u00eda Internacional del Trabajo dijo que \u201cesta desgracia, es lamentable, [&hellip;]<\/p>\n","protected":false},"author":2476,"featured_media":66525,"comment_status":"open","ping_status":"open","sticky":false,"template":"","format":"standard","meta":{"_jetpack_memberships_contains_paid_content":false,"footnotes":""},"categories":[2],"tags":[],"class_list":["post-66524","post","type-post","status-publish","format-standard","has-post-thumbnail","hentry","category-estado"],"jetpack_featured_media_url":"https:\/\/encuentroinformativo.com.mx\/wp-content\/uploads\/2025\/05\/IMG-20250501-WA0038.jpg","jetpack_sharing_enabled":true,"jetpack_likes_enabled":true,"amp_enabled":true,"_links":{"self":[{"href":"https:\/\/encuentroinformativo.com.mx\/index.php?rest_route=\/wp\/v2\/posts\/66524","targetHints":{"allow":["GET"]}}],"collection":[{"href":"https:\/\/encuentroinformativo.com.mx\/index.php?rest_route=\/wp\/v2\/posts"}],"about":[{"href":"https:\/\/encuentroinformativo.com.mx\/index.php?rest_route=\/wp\/v2\/types\/post"}],"author":[{"embeddable":true,"href":"https:\/\/encuentroinformativo.com.mx\/index.php?rest_route=\/wp\/v2\/users\/2476"}],"replies":[{"embeddable":true,"href":"https:\/\/encuentroinformativo.com.mx\/index.php?rest_route=%2Fwp%2Fv2%2Fcomments&post=66524"}],"version-history":[{"count":1,"href":"https:\/\/encuentroinformativo.com.mx\/index.php?rest_route=\/wp\/v2\/posts\/66524\/revisions"}],"predecessor-version":[{"id":66526,"href":"https:\/\/encuentroinformativo.com.mx\/index.php?rest_route=\/wp\/v2\/posts\/66524\/revisions\/66526"}],"wp:featuredmedia":[{"embeddable":true,"href":"https:\/\/encuentroinformativo.com.mx\/index.php?rest_route=\/wp\/v2\/media\/66525"}],"wp:attachment":[{"href":"https:\/\/encuentroinformativo.com.mx\/index.php?rest_route=%2Fwp%2Fv2%2Fmedia&parent=66524"}],"wp:term":[{"taxonomy":"category","embeddable":true,"href":"https:\/\/encuentroinformativo.com.mx\/index.php?rest_route=%2Fwp%2Fv2%2Fcategories&post=66524"},{"taxonomy":"post_tag","embeddable":true,"href":"https:\/\/encuentroinformativo.com.mx\/index.php?rest_route=%2Fwp%2Fv2%2Ftags&post=66524"}],"curies":[{"name":"wp","href":"https:\/\/api.w.org\/{rel}","templated":true}]}}