{"id":66542,"date":"2025-05-01T15:29:41","date_gmt":"2025-05-01T21:29:41","guid":{"rendered":"https:\/\/encuentroinformativo.com.mx\/?p=66542"},"modified":"2025-05-01T15:29:41","modified_gmt":"2025-05-01T21:29:41","slug":"medellin-exige-modernidad-gustavo-almaraz","status":"publish","type":"post","link":"https:\/\/encuentroinformativo.com.mx\/?p=66542","title":{"rendered":"Medell\u00edn exige modernidad: Gustavo Almaraz"},"content":{"rendered":"<p><strong>Alejandro \u00c1vila<\/strong><\/p>\n<p>Medell\u00edn de Bravo, Ver.- Gustavo Almaraz, candidato del Partido Acci\u00f3n Nacional (PAN) a la Presidencia Municipal de Medell\u00edn de Bravo, present\u00f3 sus propuestas de campa\u00f1a que tienen como objetivo llevar al municipio hacia la modernidad y mejorar la calidad de vida de sus habitantes.<\/p>\n<p>Convencido de que Medell\u00edn merece m\u00e1s, Gustavo Almaraz destac\u00f3 que una de sus principales propuestas es la construcci\u00f3n del hospital que tanto solicitan los ciudadanos, as\u00ed como la gesti\u00f3n para la instalaci\u00f3n de plazas comerciales, bancos, supermercados y cadenas comerciales para fortalecer el desarrollo econ\u00f3mico del municipio.<\/p>\n<p>En materia de movilidad, el candidato panista anunci\u00f3 que abrir\u00e1 nuevos accesos a Medell\u00edn y gestionar\u00e1 m\u00e1s rutas de transporte p\u00fablico para lograr traslados m\u00e1s r\u00e1pidos y eficientes.<\/p>\n<p>Asimismo, se comprometi\u00f3 a impulsar la creaci\u00f3n de nuevas escuelas, parques y unidades deportivas, con el objetivo de ofrecer espacios adecuados para el desarrollo integral de ni\u00f1os y j\u00f3venes.<\/p>\n<p>Almaraz se\u00f1al\u00f3 que mejorar\u00e1 el entorno urbano con colonias limpias e iluminadas, y reforzar\u00e1 la seguridad mediante el equipamiento y la capacitaci\u00f3n de los cuerpos policiacos.<\/p>\n<p>\u201cSi me dan su confianza, juntos pondremos bonito a Medell\u00edn\u201d, expres\u00f3 el abanderado del PAN, quien llam\u00f3 a la ciudadan\u00eda a sumarse a su proyecto para transformar el municipio.<\/p>\n","protected":false},"excerpt":{"rendered":"<p>Alejandro \u00c1vila Medell\u00edn de Bravo, Ver.- Gustavo Almaraz, candidato del Partido Acci\u00f3n Nacional (PAN) a la Presidencia Municipal de Medell\u00edn de Bravo, present\u00f3 sus propuestas de campa\u00f1a que tienen como objetivo llevar al municipio hacia la modernidad y mejorar la calidad de vida de sus habitantes. Convencido de que Medell\u00edn merece m\u00e1s, Gustavo Almaraz destac\u00f3 [&hellip;]<\/p>\n","protected":false},"author":2476,"featured_media":66543,"comment_status":"open","ping_status":"open","sticky":false,"template":"","format":"standard","meta":{"_jetpack_memberships_contains_paid_content":false,"footnotes":""},"categories":[2],"tags":[],"class_list":["post-66542","post","type-post","status-publish","format-standard","has-post-thumbnail","hentry","category-estado"],"jetpack_featured_media_url":"https:\/\/encuentroinformativo.com.mx\/wp-content\/uploads\/2025\/05\/IMG-20250501-WA0191.jpg","jetpack_sharing_enabled":true,"jetpack_likes_enabled":true,"amp_enabled":true,"_links":{"self":[{"href":"https:\/\/encuentroinformativo.com.mx\/index.php?rest_route=\/wp\/v2\/posts\/66542","targetHints":{"allow":["GET"]}}],"collection":[{"href":"https:\/\/encuentroinformativo.com.mx\/index.php?rest_route=\/wp\/v2\/posts"}],"about":[{"href":"https:\/\/encuentroinformativo.com.mx\/index.php?rest_route=\/wp\/v2\/types\/post"}],"author":[{"embeddable":true,"href":"https:\/\/encuentroinformativo.com.mx\/index.php?rest_route=\/wp\/v2\/users\/2476"}],"replies":[{"embeddable":true,"href":"https:\/\/encuentroinformativo.com.mx\/index.php?rest_route=%2Fwp%2Fv2%2Fcomments&post=66542"}],"version-history":[{"count":1,"href":"https:\/\/encuentroinformativo.com.mx\/index.php?rest_route=\/wp\/v2\/posts\/66542\/revisions"}],"predecessor-version":[{"id":66544,"href":"https:\/\/encuentroinformativo.com.mx\/index.php?rest_route=\/wp\/v2\/posts\/66542\/revisions\/66544"}],"wp:featuredmedia":[{"embeddable":true,"href":"https:\/\/encuentroinformativo.com.mx\/index.php?rest_route=\/wp\/v2\/media\/66543"}],"wp:attachment":[{"href":"https:\/\/encuentroinformativo.com.mx\/index.php?rest_route=%2Fwp%2Fv2%2Fmedia&parent=66542"}],"wp:term":[{"taxonomy":"category","embeddable":true,"href":"https:\/\/encuentroinformativo.com.mx\/index.php?rest_route=%2Fwp%2Fv2%2Fcategories&post=66542"},{"taxonomy":"post_tag","embeddable":true,"href":"https:\/\/encuentroinformativo.com.mx\/index.php?rest_route=%2Fwp%2Fv2%2Ftags&post=66542"}],"curies":[{"name":"wp","href":"https:\/\/api.w.org\/{rel}","templated":true}]}}