{"id":66545,"date":"2025-05-01T15:34:03","date_gmt":"2025-05-01T21:34:03","guid":{"rendered":"https:\/\/encuentroinformativo.com.mx\/?p=66545"},"modified":"2025-05-01T15:34:03","modified_gmt":"2025-05-01T21:34:03","slug":"participaran-integrantes-del-cnte-en-megamarcha","status":"publish","type":"post","link":"https:\/\/encuentroinformativo.com.mx\/?p=66545","title":{"rendered":"Participar\u00e1n integrantes del CNTE en megamarcha"},"content":{"rendered":"<p><strong>Dar\u00edo Pale<\/strong><\/p>\n<p>Xalapa, Ver.- Integrantes de la Coordinadora Nacional de Trabajadores de la Educaci\u00f3n provenientes de la zona sur, norte del Estado de Veracruz como Tantoyuca, Santiago Tuxtla, Coscomatepec, Monte Blanco participar\u00e1n en la megamarcha en el Estado de M\u00e9xico, as\u00ed lo inform\u00f3 Juan Antonio Trujillo.<\/p>\n<p>Hasta el momento, dijo, no saben la cifra de participaci\u00f3n puesto que en Veracruz son pocos los que forman parte de la coordinadora, por lo que podr\u00edan manifestarse de brazos ca\u00eddos en apoyo.<\/p>\n<p>Acot\u00f3 que al momento se han logrado algunas mesas de negociaci\u00f3n, en las que se han podido restituir a algunos de los compa\u00f1eros que fueron destituidos injustificadamente, adem\u00e1s de que se logr\u00f3 que se retrasar\u00e1 la Ley Federal del ISSSTE.<\/p>\n<p>Y es que explic\u00f3 que limita en el tema de la edad de jubilaci\u00f3n ya que despu\u00e9s de cumplir 30 a\u00f1os de trabajo, como derecho laboral, exige que los varones tengan 60 a\u00f1os de edad y 58 en el caso de mujeres.<\/p>\n<p>Aunado a lo anterior se quita la jubilaci\u00f3n solidaria, es decir, los que son de nuevo ingreso est\u00e1n por contrato por lo que no tienen derecho a la jubilaci\u00f3n, adem\u00e1s de restringir la atenci\u00f3n en salud.<\/p>\n","protected":false},"excerpt":{"rendered":"<p>Dar\u00edo Pale Xalapa, Ver.- Integrantes de la Coordinadora Nacional de Trabajadores de la Educaci\u00f3n provenientes de la zona sur, norte del Estado de Veracruz como Tantoyuca, Santiago Tuxtla, Coscomatepec, Monte Blanco participar\u00e1n en la megamarcha en el Estado de M\u00e9xico, as\u00ed lo inform\u00f3 Juan Antonio Trujillo. Hasta el momento, dijo, no saben la cifra de [&hellip;]<\/p>\n","protected":false},"author":2476,"featured_media":66546,"comment_status":"open","ping_status":"open","sticky":false,"template":"","format":"standard","meta":{"_jetpack_memberships_contains_paid_content":false,"footnotes":""},"categories":[3],"tags":[],"class_list":["post-66545","post","type-post","status-publish","format-standard","has-post-thumbnail","hentry","category-xalapa"],"jetpack_featured_media_url":"https:\/\/encuentroinformativo.com.mx\/wp-content\/uploads\/2025\/05\/IMG-20250501-WA0150.jpg","jetpack_sharing_enabled":true,"jetpack_likes_enabled":true,"amp_enabled":true,"_links":{"self":[{"href":"https:\/\/encuentroinformativo.com.mx\/index.php?rest_route=\/wp\/v2\/posts\/66545","targetHints":{"allow":["GET"]}}],"collection":[{"href":"https:\/\/encuentroinformativo.com.mx\/index.php?rest_route=\/wp\/v2\/posts"}],"about":[{"href":"https:\/\/encuentroinformativo.com.mx\/index.php?rest_route=\/wp\/v2\/types\/post"}],"author":[{"embeddable":true,"href":"https:\/\/encuentroinformativo.com.mx\/index.php?rest_route=\/wp\/v2\/users\/2476"}],"replies":[{"embeddable":true,"href":"https:\/\/encuentroinformativo.com.mx\/index.php?rest_route=%2Fwp%2Fv2%2Fcomments&post=66545"}],"version-history":[{"count":1,"href":"https:\/\/encuentroinformativo.com.mx\/index.php?rest_route=\/wp\/v2\/posts\/66545\/revisions"}],"predecessor-version":[{"id":66547,"href":"https:\/\/encuentroinformativo.com.mx\/index.php?rest_route=\/wp\/v2\/posts\/66545\/revisions\/66547"}],"wp:featuredmedia":[{"embeddable":true,"href":"https:\/\/encuentroinformativo.com.mx\/index.php?rest_route=\/wp\/v2\/media\/66546"}],"wp:attachment":[{"href":"https:\/\/encuentroinformativo.com.mx\/index.php?rest_route=%2Fwp%2Fv2%2Fmedia&parent=66545"}],"wp:term":[{"taxonomy":"category","embeddable":true,"href":"https:\/\/encuentroinformativo.com.mx\/index.php?rest_route=%2Fwp%2Fv2%2Fcategories&post=66545"},{"taxonomy":"post_tag","embeddable":true,"href":"https:\/\/encuentroinformativo.com.mx\/index.php?rest_route=%2Fwp%2Fv2%2Ftags&post=66545"}],"curies":[{"name":"wp","href":"https:\/\/api.w.org\/{rel}","templated":true}]}}