{"id":6655,"date":"2020-10-08T11:25:12","date_gmt":"2020-10-08T16:25:12","guid":{"rendered":"https:\/\/encuentroinformativo.com.mx\/?p=6655"},"modified":"2020-10-08T11:25:15","modified_gmt":"2020-10-08T16:25:15","slug":"reprochan-docentes-y-padres-desaparicion-de-escuelas-de-tiempo-completo","status":"publish","type":"post","link":"https:\/\/encuentroinformativo.com.mx\/?p=6655","title":{"rendered":"Reprochan docentes y padres desaparici\u00f3n de escuelas de tiempo completo"},"content":{"rendered":"\n<p><strong>Juan Arcos <\/strong><\/p>\n\n\n\n<p>Xalapa, Ver.- Cerca de 65 mil estudiantes del estado de Veracruz se ver\u00edan afectados por la desaparici\u00f3n del programa de Escuelas de Tiempo Completo.<\/p>\n\n\n\n<p>Decenas de profesores, madres y padres de familia protestaron afuera de la Secretar\u00eda de Educaci\u00f3n de Veracruz (SEV) para exigir que no desaparezca dicho programa.<\/p>\n\n\n\n<p>De acuerdo con Jos\u00e9 Guillermo Vald\u00e9s V\u00e1zquez, director de una escuela del municipio de Tezonapa, esta situaci\u00f3n tambi\u00e9n afectar\u00eda a mil 65 escuelas en la entidad, de las cuales 341 cuentan con servicio de alimentaci\u00f3n.<\/p>\n\n\n\n<p>\u201cEs un gran apoyo para las zonas rurales, las zonas serranas, donde muchas veces nuestros alumnos no tienen acceso a una buena alimentaci\u00f3n, con este programa nosotros les brindamos alimentaci\u00f3n a nuestros alumnos en coordinaci\u00f3n con los padres de familia\u201d.<\/p>\n\n\n\n<p>El entrevistado denunci\u00f3 que tambi\u00e9n fueron suspendidos los pagos a directivos, docentes e intendentes a partir de la segunda quincena de agosto.<\/p>\n\n\n\n<p>\u201cSe supone que es in a\u00f1o fiscal, cubre de enero a diciembre y de buenas a primeras nos dicen que no hay recursos para pagarles a los directivos, a los docentes, a los intendentes, todos estamos haciendo nuestro trabajo\u201d.<\/p>\n\n\n\n<p>Los quejosos indicaron que la postura de las autoridades educativas es que se les pagar\u00e1 a los directivos, docentes e intendentes cuando haya clases presenciales y la pandemia del SARS-COV-2 (COVID-19) haya cesado.<\/p>\n\n\n\n<p>\u201cNo sabemos hasta cu\u00e1ndo vamos a estar a distancia, esto probablemente vaya para largo, pero nosotros estamos trabajando, si tienen el recurso que se les pague a los docentes para seguir trabajando\u201d.<\/p>\n\n\n\n<p>Cabe recordar que el programa de Escuelas de Tiempo Completo no se ha ampliado a m\u00e1s planteles, desde su creaci\u00f3n en el a\u00f1o 2013.<\/p>\n\n\n\n<p>\u201cEl Gobierno de la Esperanza no debe proponer su desaparici\u00f3n, es un programa de apoyo y ayuda a los padres de familia y ni\u00f1os&#8221;, increparon.<\/p>\n","protected":false},"excerpt":{"rendered":"<p>Juan Arcos Xalapa, Ver.- Cerca de 65 mil estudiantes del estado de Veracruz se ver\u00edan afectados por la desaparici\u00f3n del programa de Escuelas de Tiempo Completo. Decenas de profesores, madres y padres de familia protestaron afuera de la Secretar\u00eda de Educaci\u00f3n de Veracruz (SEV) para exigir que no desaparezca dicho programa. De acuerdo con Jos\u00e9 [&hellip;]<\/p>\n","protected":false},"author":1,"featured_media":6656,"comment_status":"open","ping_status":"open","sticky":false,"template":"","format":"standard","meta":{"_jetpack_memberships_contains_paid_content":false,"footnotes":""},"categories":[2],"tags":[],"class_list":["post-6655","post","type-post","status-publish","format-standard","has-post-thumbnail","hentry","category-estado"],"jetpack_featured_media_url":"https:\/\/encuentroinformativo.com.mx\/wp-content\/uploads\/2020\/10\/FAF674E4-1AFF-4AE4-A8A1-46C33FEC453B.jpeg","jetpack_sharing_enabled":true,"jetpack_likes_enabled":true,"amp_enabled":true,"_links":{"self":[{"href":"https:\/\/encuentroinformativo.com.mx\/index.php?rest_route=\/wp\/v2\/posts\/6655","targetHints":{"allow":["GET"]}}],"collection":[{"href":"https:\/\/encuentroinformativo.com.mx\/index.php?rest_route=\/wp\/v2\/posts"}],"about":[{"href":"https:\/\/encuentroinformativo.com.mx\/index.php?rest_route=\/wp\/v2\/types\/post"}],"author":[{"embeddable":true,"href":"https:\/\/encuentroinformativo.com.mx\/index.php?rest_route=\/wp\/v2\/users\/1"}],"replies":[{"embeddable":true,"href":"https:\/\/encuentroinformativo.com.mx\/index.php?rest_route=%2Fwp%2Fv2%2Fcomments&post=6655"}],"version-history":[{"count":1,"href":"https:\/\/encuentroinformativo.com.mx\/index.php?rest_route=\/wp\/v2\/posts\/6655\/revisions"}],"predecessor-version":[{"id":6657,"href":"https:\/\/encuentroinformativo.com.mx\/index.php?rest_route=\/wp\/v2\/posts\/6655\/revisions\/6657"}],"wp:featuredmedia":[{"embeddable":true,"href":"https:\/\/encuentroinformativo.com.mx\/index.php?rest_route=\/wp\/v2\/media\/6656"}],"wp:attachment":[{"href":"https:\/\/encuentroinformativo.com.mx\/index.php?rest_route=%2Fwp%2Fv2%2Fmedia&parent=6655"}],"wp:term":[{"taxonomy":"category","embeddable":true,"href":"https:\/\/encuentroinformativo.com.mx\/index.php?rest_route=%2Fwp%2Fv2%2Fcategories&post=6655"},{"taxonomy":"post_tag","embeddable":true,"href":"https:\/\/encuentroinformativo.com.mx\/index.php?rest_route=%2Fwp%2Fv2%2Ftags&post=6655"}],"curies":[{"name":"wp","href":"https:\/\/api.w.org\/{rel}","templated":true}]}}