{"id":66564,"date":"2025-05-01T20:37:26","date_gmt":"2025-05-02T02:37:26","guid":{"rendered":"https:\/\/encuentroinformativo.com.mx\/?p=66564"},"modified":"2025-05-01T20:37:26","modified_gmt":"2025-05-02T02:37:26","slug":"trabajadores-del-itver-alertan-por-desabasto-de-medicamento-en-issste","status":"publish","type":"post","link":"https:\/\/encuentroinformativo.com.mx\/?p=66564","title":{"rendered":"Trabajadores del ITVER alertan por desabasto de medicamento en ISSSTE"},"content":{"rendered":"<p><strong>Alejandro \u00c1vila<\/strong><\/p>\n<p>Veracruz, Ver.- M\u00e1s de 4 mil trabajadores del Instituto Tecnol\u00f3gico de Veracruz a nivel estatal se encuentran el riesgo ante el presunto desabasto de medicamento en las cl\u00ednicas del ISSSTE de la entidad veracruzana.<\/p>\n<p>Luis Bernardo Ballesteros Barradas, secretario general de la Delegaci\u00f3n DV-113 del ITV y secretario de Previsi\u00f3n Social del SNTE a nivel nacional, declar\u00f3 que uno de los puntos torales en la agenda es dotar de equipo y medicamentos suficientes a las cl\u00ednicas de especialidad y a la Unidad M\u00e9dica Familiar del ISSSTE. \u201cDe un tiempo a la fecha env\u00edan pacientes subrogados a laboratorios que no son del Hospital del ISSSTE\u201d, se\u00f1al\u00f3.<\/p>\n<p>Asimismo, el l\u00edder sindical expres\u00f3 su preocupaci\u00f3n por el desabasto de medicamentos, &#8220;esperemos que Mart\u00ed Batres Guadarrama, director del ISSSTE, preste m\u00e1s atenci\u00f3n, arregle esos equipos y tambi\u00e9n el tema de los medicamentos, pues hace meses vino a la cl\u00ednica de El Coyol y se habl\u00f3 del desabasto\u201d.<\/p>\n<p>Adem\u00e1s, hicieron un llamado urgente al Gobierno Federal y a las autoridades del ISSSTE para mejorar sus condiciones laborales y garantizar una jubilaci\u00f3n digna, acorde con la creciente carest\u00eda de la vida. La solicitud se centra en quienes est\u00e1n pr\u00f3ximos a retirarse y enfrentan una disminuci\u00f3n en el poder adquisitivo de sus pensiones.<\/p>\n<p>\u201cQueremos que se resuelvan las peticiones, incluyendo la minuta de revisi\u00f3n salarial\u201d.<\/p>\n","protected":false},"excerpt":{"rendered":"<p>Alejandro \u00c1vila Veracruz, Ver.- M\u00e1s de 4 mil trabajadores del Instituto Tecnol\u00f3gico de Veracruz a nivel estatal se encuentran el riesgo ante el presunto desabasto de medicamento en las cl\u00ednicas del ISSSTE de la entidad veracruzana. Luis Bernardo Ballesteros Barradas, secretario general de la Delegaci\u00f3n DV-113 del ITV y secretario de Previsi\u00f3n Social del SNTE [&hellip;]<\/p>\n","protected":false},"author":2476,"featured_media":66565,"comment_status":"open","ping_status":"open","sticky":false,"template":"","format":"standard","meta":{"_jetpack_memberships_contains_paid_content":false,"footnotes":""},"categories":[9],"tags":[],"class_list":["post-66564","post","type-post","status-publish","format-standard","has-post-thumbnail","hentry","category-salud"],"jetpack_featured_media_url":"https:\/\/encuentroinformativo.com.mx\/wp-content\/uploads\/2025\/05\/IMG-20250501-WA0433-scaled.jpg","jetpack_sharing_enabled":true,"jetpack_likes_enabled":true,"amp_enabled":true,"_links":{"self":[{"href":"https:\/\/encuentroinformativo.com.mx\/index.php?rest_route=\/wp\/v2\/posts\/66564","targetHints":{"allow":["GET"]}}],"collection":[{"href":"https:\/\/encuentroinformativo.com.mx\/index.php?rest_route=\/wp\/v2\/posts"}],"about":[{"href":"https:\/\/encuentroinformativo.com.mx\/index.php?rest_route=\/wp\/v2\/types\/post"}],"author":[{"embeddable":true,"href":"https:\/\/encuentroinformativo.com.mx\/index.php?rest_route=\/wp\/v2\/users\/2476"}],"replies":[{"embeddable":true,"href":"https:\/\/encuentroinformativo.com.mx\/index.php?rest_route=%2Fwp%2Fv2%2Fcomments&post=66564"}],"version-history":[{"count":1,"href":"https:\/\/encuentroinformativo.com.mx\/index.php?rest_route=\/wp\/v2\/posts\/66564\/revisions"}],"predecessor-version":[{"id":66566,"href":"https:\/\/encuentroinformativo.com.mx\/index.php?rest_route=\/wp\/v2\/posts\/66564\/revisions\/66566"}],"wp:featuredmedia":[{"embeddable":true,"href":"https:\/\/encuentroinformativo.com.mx\/index.php?rest_route=\/wp\/v2\/media\/66565"}],"wp:attachment":[{"href":"https:\/\/encuentroinformativo.com.mx\/index.php?rest_route=%2Fwp%2Fv2%2Fmedia&parent=66564"}],"wp:term":[{"taxonomy":"category","embeddable":true,"href":"https:\/\/encuentroinformativo.com.mx\/index.php?rest_route=%2Fwp%2Fv2%2Fcategories&post=66564"},{"taxonomy":"post_tag","embeddable":true,"href":"https:\/\/encuentroinformativo.com.mx\/index.php?rest_route=%2Fwp%2Fv2%2Ftags&post=66564"}],"curies":[{"name":"wp","href":"https:\/\/api.w.org\/{rel}","templated":true}]}}