{"id":66567,"date":"2025-05-01T20:40:40","date_gmt":"2025-05-02T02:40:40","guid":{"rendered":"https:\/\/encuentroinformativo.com.mx\/?p=66567"},"modified":"2025-05-01T20:40:40","modified_gmt":"2025-05-02T02:40:40","slug":"promueve-memo-herrada-central-de-abastos-para-medellin-de-bravo","status":"publish","type":"post","link":"https:\/\/encuentroinformativo.com.mx\/?p=66567","title":{"rendered":"Promueve Memo Herrada Central de Abastos para Medell\u00edn de Bravo"},"content":{"rendered":"<p><strong>Alejandro \u00c1vila<\/strong><\/p>\n<p>Medell\u00edn de Bravo, Ver.- Guillermo Herrada Jim\u00e9nez, candidato a la alcald\u00eda de Medell\u00edn de Bravo por Movimiento Ciudadano, realiz\u00f3 una exitoso recorrido en las comunidades de Celaya, Santa Rosa, la Pepehua y Rinc\u00f3n de P\u00e9rez.<\/p>\n<p>Durante su recorrido se dedic\u00f3 a escuchar de primera mano las inquietudes y necesidades de los habitantes de estas zonas, donde se identificaron problem\u00e1ticas clave como el mal estado de los caminos, la falta de electrificaci\u00f3n, y la necesidad de apoyos para el campo.<\/p>\n<p>\u201cDesde hace tiempo he tenido la oportunidad de conocer las realidades de cada una de estas comunidades. Y he visto con mucha tristeza c\u00f3mo han sido ignorados por las autoridades. Es fundamental escuchar a nuestros ciudadanos para poder trabajar en soluciones efectivas que transformen la calidad de vida de los medellinenses\u201d, expres\u00f3 Herrada Jim\u00e9nez.<\/p>\n<p>Adem\u00e1s, el candidato present\u00f3 su ambicioso proyecto de construcci\u00f3n de una Central de Abastos en Medell\u00edn de Bravo, un plan que considera una oportunidad hist\u00f3rica para impulsar el campo, mejorar la econom\u00eda local y generar empleos en la regi\u00f3n.<\/p>\n<p>\u201cLa Central de Abastos no solo beneficiar\u00e1 a los productores locales, sino que tambi\u00e9n se convertir\u00e1 en un motor de desarrollo econ\u00f3mico que impactar\u00e1 positivamente a todas las familias de Medell\u00edn de Bravo\u201d, a\u00f1adi\u00f3.<\/p>\n","protected":false},"excerpt":{"rendered":"<p>Alejandro \u00c1vila Medell\u00edn de Bravo, Ver.- Guillermo Herrada Jim\u00e9nez, candidato a la alcald\u00eda de Medell\u00edn de Bravo por Movimiento Ciudadano, realiz\u00f3 una exitoso recorrido en las comunidades de Celaya, Santa Rosa, la Pepehua y Rinc\u00f3n de P\u00e9rez. Durante su recorrido se dedic\u00f3 a escuchar de primera mano las inquietudes y necesidades de los habitantes de [&hellip;]<\/p>\n","protected":false},"author":2476,"featured_media":66568,"comment_status":"open","ping_status":"open","sticky":false,"template":"","format":"standard","meta":{"_jetpack_memberships_contains_paid_content":false,"footnotes":""},"categories":[2],"tags":[],"class_list":["post-66567","post","type-post","status-publish","format-standard","has-post-thumbnail","hentry","category-estado"],"jetpack_featured_media_url":"https:\/\/encuentroinformativo.com.mx\/wp-content\/uploads\/2025\/05\/IMG-20250501-WA0417.jpg","jetpack_sharing_enabled":true,"jetpack_likes_enabled":true,"amp_enabled":true,"_links":{"self":[{"href":"https:\/\/encuentroinformativo.com.mx\/index.php?rest_route=\/wp\/v2\/posts\/66567","targetHints":{"allow":["GET"]}}],"collection":[{"href":"https:\/\/encuentroinformativo.com.mx\/index.php?rest_route=\/wp\/v2\/posts"}],"about":[{"href":"https:\/\/encuentroinformativo.com.mx\/index.php?rest_route=\/wp\/v2\/types\/post"}],"author":[{"embeddable":true,"href":"https:\/\/encuentroinformativo.com.mx\/index.php?rest_route=\/wp\/v2\/users\/2476"}],"replies":[{"embeddable":true,"href":"https:\/\/encuentroinformativo.com.mx\/index.php?rest_route=%2Fwp%2Fv2%2Fcomments&post=66567"}],"version-history":[{"count":1,"href":"https:\/\/encuentroinformativo.com.mx\/index.php?rest_route=\/wp\/v2\/posts\/66567\/revisions"}],"predecessor-version":[{"id":66569,"href":"https:\/\/encuentroinformativo.com.mx\/index.php?rest_route=\/wp\/v2\/posts\/66567\/revisions\/66569"}],"wp:featuredmedia":[{"embeddable":true,"href":"https:\/\/encuentroinformativo.com.mx\/index.php?rest_route=\/wp\/v2\/media\/66568"}],"wp:attachment":[{"href":"https:\/\/encuentroinformativo.com.mx\/index.php?rest_route=%2Fwp%2Fv2%2Fmedia&parent=66567"}],"wp:term":[{"taxonomy":"category","embeddable":true,"href":"https:\/\/encuentroinformativo.com.mx\/index.php?rest_route=%2Fwp%2Fv2%2Fcategories&post=66567"},{"taxonomy":"post_tag","embeddable":true,"href":"https:\/\/encuentroinformativo.com.mx\/index.php?rest_route=%2Fwp%2Fv2%2Ftags&post=66567"}],"curies":[{"name":"wp","href":"https:\/\/api.w.org\/{rel}","templated":true}]}}