{"id":66577,"date":"2025-05-01T23:54:18","date_gmt":"2025-05-02T05:54:18","guid":{"rendered":"https:\/\/encuentroinformativo.com.mx\/?p=66577"},"modified":"2025-05-01T23:54:18","modified_gmt":"2025-05-02T05:54:18","slug":"con-monica-el-cambio-se-hara-realidad-vecinos-de-la-guadalupe","status":"publish","type":"post","link":"https:\/\/encuentroinformativo.com.mx\/?p=66577","title":{"rendered":"&#8220;Con M\u00f3nica el cambio se har\u00e1 realidad&#8221;; vecinos de La Guadalupe"},"content":{"rendered":"<p><strong>* Conf\u00edan en que cumplir\u00e1 con sus propuestas para rescatar toda la zona <\/strong><strong>de Costa Esmeralda.<\/strong><\/p>\n<p>Tecolutla, Ver. &#8211; &#8220;Con M\u00f3nica el cambio se har\u00e1 realidad&#8221;, dijo Rosa Mar\u00eda Alan\u00eds Hern\u00e1ndez, vecina de la comunidad La Guadalupe, qui\u00e9n escuch\u00f3 las propuestas de la candidata de Movimiento Ciudadano (MC) a la presidencia municipal de Tecolutla, M\u00f3nica Tejeda Hern\u00e1ndez y confes\u00f3 que tiene mucha confianza en que s\u00ed le va a cumplir a Tecolutla.<\/p>\n<p>Acompa\u00f1ada de su suplente, Am\u00e9rica Kaori Coronado Borja, joven de 20 a\u00f1os y estudiante de la licenciatura en Derecho, M\u00f3nica Tejeda Hern\u00e1ndez, recorri\u00f3 casa por casa la comunidad de La Guadalupe y escuch\u00f3 con atenci\u00f3n lo que le dijeron los vecinos y vecinas, sobre sus necesidades, pero, sobre todo, sus quejas de que esta es una zona abandonada por las autoridades en los \u00faltimos a\u00f1os.<\/p>\n<p>&#8220;Hice un compromiso con los vecinos de la Guadalupe y de toda la Costa Esmeralda, que desde el gobierno municipal voy a resolver el problema de alumbrado p\u00fablico, para garantizar la seguridad de las familias y tambi\u00e9n me compromet\u00ed a que vamos a integrar al Plan de Desarrollo Municipal, sus propuestas e inquietudes, para detonar el desarrollo tur\u00edstico de esta hermosa franja del Golfo de M\u00e9xico&#8221;, dijo la abanderada naranja.<\/p>\n<p>Acompa\u00f1ada tambien de los candidatos a regidores, Margarita Corte M\u00e9ndez y David Garc\u00eda Valencia, la abanderada Naranja, platic\u00f3 con pescadores como, Israel, qui\u00e9n solicit\u00f3 que, desde el gobierno municipal, se implementen programas de apoyo para este sector productivo que est\u00e1 en el abandono.<\/p>\n<p>&#8220;Nosotros vamos al d\u00eda, bendito Dios sacamos para comer, pero cuando hay norte, pues no hay dinero para alimentar a nuestra familia&#8221;, lament\u00f3 Israel.<\/p>\n<p>M\u00f3nica Tejeda, se comprometi\u00f3 a crear programas de apoyo a la pesca y dialog\u00f3 con madres solteras quienes tambi\u00e9n necesitan ayuda para sostener a sus familias.<\/p>\n<p>En el di\u00e1logo con Am\u00e9rica Kaori Coronado Borja, reconoci\u00f3 que los j\u00f3venes de La Guadalupe, est\u00e1n en la b\u00fasqueda de empleos bien remunerados, por lo que se comprometi\u00f3 a generar, desde el Ayuntamiento, pol\u00edticas p\u00fablicas para promover el turismo y atraer inversiones que ayuden a detonar el potencial de Tecolutla y sus atractivos.<\/p>\n<p><img loading=\"lazy\" decoding=\"async\" class=\"alignnone size-medium wp-image-66579\" src=\"https:\/\/encuentroinformativo.com.mx\/wp-content\/uploads\/2025\/05\/IMG-20250501-WA0435-300x169.jpg\" alt=\"\" width=\"300\" height=\"169\" srcset=\"https:\/\/encuentroinformativo.com.mx\/wp-content\/uploads\/2025\/05\/IMG-20250501-WA0435-300x169.jpg 300w, https:\/\/encuentroinformativo.com.mx\/wp-content\/uploads\/2025\/05\/IMG-20250501-WA0435-1024x576.jpg 1024w, https:\/\/encuentroinformativo.com.mx\/wp-content\/uploads\/2025\/05\/IMG-20250501-WA0435-768x432.jpg 768w, https:\/\/encuentroinformativo.com.mx\/wp-content\/uploads\/2025\/05\/IMG-20250501-WA0435-1536x864.jpg 1536w, https:\/\/encuentroinformativo.com.mx\/wp-content\/uploads\/2025\/05\/IMG-20250501-WA0435.jpg 1599w\" sizes=\"auto, (max-width: 300px) 100vw, 300px\" \/><\/p>\n","protected":false},"excerpt":{"rendered":"<p>* Conf\u00edan en que cumplir\u00e1 con sus propuestas para rescatar toda la zona de Costa Esmeralda. Tecolutla, Ver. &#8211; &#8220;Con M\u00f3nica el cambio se har\u00e1 realidad&#8221;, dijo Rosa Mar\u00eda Alan\u00eds Hern\u00e1ndez, vecina de la comunidad La Guadalupe, qui\u00e9n escuch\u00f3 las propuestas de la candidata de Movimiento Ciudadano (MC) a la presidencia municipal de Tecolutla, M\u00f3nica [&hellip;]<\/p>\n","protected":false},"author":2476,"featured_media":66578,"comment_status":"open","ping_status":"open","sticky":false,"template":"","format":"standard","meta":{"_jetpack_memberships_contains_paid_content":false,"footnotes":""},"categories":[2],"tags":[],"class_list":["post-66577","post","type-post","status-publish","format-standard","has-post-thumbnail","hentry","category-estado"],"jetpack_featured_media_url":"https:\/\/encuentroinformativo.com.mx\/wp-content\/uploads\/2025\/05\/IMG-20250501-WA0437.jpg","jetpack_sharing_enabled":true,"jetpack_likes_enabled":true,"amp_enabled":true,"_links":{"self":[{"href":"https:\/\/encuentroinformativo.com.mx\/index.php?rest_route=\/wp\/v2\/posts\/66577","targetHints":{"allow":["GET"]}}],"collection":[{"href":"https:\/\/encuentroinformativo.com.mx\/index.php?rest_route=\/wp\/v2\/posts"}],"about":[{"href":"https:\/\/encuentroinformativo.com.mx\/index.php?rest_route=\/wp\/v2\/types\/post"}],"author":[{"embeddable":true,"href":"https:\/\/encuentroinformativo.com.mx\/index.php?rest_route=\/wp\/v2\/users\/2476"}],"replies":[{"embeddable":true,"href":"https:\/\/encuentroinformativo.com.mx\/index.php?rest_route=%2Fwp%2Fv2%2Fcomments&post=66577"}],"version-history":[{"count":2,"href":"https:\/\/encuentroinformativo.com.mx\/index.php?rest_route=\/wp\/v2\/posts\/66577\/revisions"}],"predecessor-version":[{"id":66581,"href":"https:\/\/encuentroinformativo.com.mx\/index.php?rest_route=\/wp\/v2\/posts\/66577\/revisions\/66581"}],"wp:featuredmedia":[{"embeddable":true,"href":"https:\/\/encuentroinformativo.com.mx\/index.php?rest_route=\/wp\/v2\/media\/66578"}],"wp:attachment":[{"href":"https:\/\/encuentroinformativo.com.mx\/index.php?rest_route=%2Fwp%2Fv2%2Fmedia&parent=66577"}],"wp:term":[{"taxonomy":"category","embeddable":true,"href":"https:\/\/encuentroinformativo.com.mx\/index.php?rest_route=%2Fwp%2Fv2%2Fcategories&post=66577"},{"taxonomy":"post_tag","embeddable":true,"href":"https:\/\/encuentroinformativo.com.mx\/index.php?rest_route=%2Fwp%2Fv2%2Ftags&post=66577"}],"curies":[{"name":"wp","href":"https:\/\/api.w.org\/{rel}","templated":true}]}}