{"id":66585,"date":"2025-05-02T11:23:33","date_gmt":"2025-05-02T17:23:33","guid":{"rendered":"https:\/\/encuentroinformativo.com.mx\/?p=66585"},"modified":"2025-05-02T11:23:33","modified_gmt":"2025-05-02T17:23:33","slug":"reciclar-y-compostar-la-basura-propone-nacho-luna-para-coatepec","status":"publish","type":"post","link":"https:\/\/encuentroinformativo.com.mx\/?p=66585","title":{"rendered":"Reciclar y compostar la basura, propone Nacho Luna para Coatepec"},"content":{"rendered":"<p><strong>Alejandro \u00c1vila<\/strong><\/p>\n<p>Coatepec, Ver.- La recolecci\u00f3n de basura en el municipio de Coatepec ha sido un \u201ctal\u00f3n de Aquiles\u201d en la actual administraci\u00f3n donde las calles se llenan de basura por la insuficiencia en camiones recolectores y rutas.<\/p>\n<p>Ante ello, el candidato del Movimiento de Regeneraci\u00f3n Nacional (Morena) a la alcald\u00eda de Coatepec, Jorge Ignacio \u201cNacho\u201d Luna Hern\u00e1ndez, revel\u00f3 que una de sus propuestas es ampliar rutas de recolecci\u00f3n de basura, as\u00ed como tambi\u00e9n las unidades de recolecci\u00f3n.<\/p>\n<p>\u201cVamos a ampliar las rutas de recolecci\u00f3n, de unidades de recolecci\u00f3n de la basura para que el cami\u00f3n de la basura pase al menos dos veces\u201d.<\/p>\n<p>El morenista recalc\u00f3 que su propuesta contempla que el cami\u00f3n pase por la colonia o congregaci\u00f3n dos veces a la semana, recolectando los desechos que familias de Coatepec generen.<\/p>\n<p>Al recogerla, inician otro proceso para reducir, reutilizar, reciclar y compostar la basura que terminar\u00e1 en un relleno sanitario en Coatepec y no un tiradero a cielo abierto.<\/p>\n<p>\u201cVamos a generar una estrategia para reducir, reutilizar, reciclar y compostar. Vamos a promover la construcci\u00f3n de un relleno sanitario en Coatepec\u201d.<\/p>\n<p>Esta es una de las propuestas de campa\u00f1a de Nacho Luna rumbo a la elecci\u00f3n del 1 de junio donde compite para la presidencia municipal de Coatepec.<\/p>\n","protected":false},"excerpt":{"rendered":"<p>Alejandro \u00c1vila Coatepec, Ver.- La recolecci\u00f3n de basura en el municipio de Coatepec ha sido un \u201ctal\u00f3n de Aquiles\u201d en la actual administraci\u00f3n donde las calles se llenan de basura por la insuficiencia en camiones recolectores y rutas. Ante ello, el candidato del Movimiento de Regeneraci\u00f3n Nacional (Morena) a la alcald\u00eda de Coatepec, Jorge Ignacio [&hellip;]<\/p>\n","protected":false},"author":2476,"featured_media":66586,"comment_status":"open","ping_status":"open","sticky":false,"template":"","format":"standard","meta":{"_jetpack_memberships_contains_paid_content":false,"footnotes":""},"categories":[8],"tags":[],"class_list":["post-66585","post","type-post","status-publish","format-standard","has-post-thumbnail","hentry","category-region"],"jetpack_featured_media_url":"https:\/\/encuentroinformativo.com.mx\/wp-content\/uploads\/2025\/05\/IMG-20250502-WA0044.jpg","jetpack_sharing_enabled":true,"jetpack_likes_enabled":true,"amp_enabled":true,"_links":{"self":[{"href":"https:\/\/encuentroinformativo.com.mx\/index.php?rest_route=\/wp\/v2\/posts\/66585","targetHints":{"allow":["GET"]}}],"collection":[{"href":"https:\/\/encuentroinformativo.com.mx\/index.php?rest_route=\/wp\/v2\/posts"}],"about":[{"href":"https:\/\/encuentroinformativo.com.mx\/index.php?rest_route=\/wp\/v2\/types\/post"}],"author":[{"embeddable":true,"href":"https:\/\/encuentroinformativo.com.mx\/index.php?rest_route=\/wp\/v2\/users\/2476"}],"replies":[{"embeddable":true,"href":"https:\/\/encuentroinformativo.com.mx\/index.php?rest_route=%2Fwp%2Fv2%2Fcomments&post=66585"}],"version-history":[{"count":1,"href":"https:\/\/encuentroinformativo.com.mx\/index.php?rest_route=\/wp\/v2\/posts\/66585\/revisions"}],"predecessor-version":[{"id":66587,"href":"https:\/\/encuentroinformativo.com.mx\/index.php?rest_route=\/wp\/v2\/posts\/66585\/revisions\/66587"}],"wp:featuredmedia":[{"embeddable":true,"href":"https:\/\/encuentroinformativo.com.mx\/index.php?rest_route=\/wp\/v2\/media\/66586"}],"wp:attachment":[{"href":"https:\/\/encuentroinformativo.com.mx\/index.php?rest_route=%2Fwp%2Fv2%2Fmedia&parent=66585"}],"wp:term":[{"taxonomy":"category","embeddable":true,"href":"https:\/\/encuentroinformativo.com.mx\/index.php?rest_route=%2Fwp%2Fv2%2Fcategories&post=66585"},{"taxonomy":"post_tag","embeddable":true,"href":"https:\/\/encuentroinformativo.com.mx\/index.php?rest_route=%2Fwp%2Fv2%2Ftags&post=66585"}],"curies":[{"name":"wp","href":"https:\/\/api.w.org\/{rel}","templated":true}]}}