{"id":66588,"date":"2025-05-02T11:29:46","date_gmt":"2025-05-02T17:29:46","guid":{"rendered":"https:\/\/encuentroinformativo.com.mx\/?p=66588"},"modified":"2025-05-02T11:29:46","modified_gmt":"2025-05-02T17:29:46","slug":"entrega-ac-juguetes-y-dulces-a-ninos-de-veracruz","status":"publish","type":"post","link":"https:\/\/encuentroinformativo.com.mx\/?p=66588","title":{"rendered":"Entrega AC juguetes y dulces a ni\u00f1os de Veracruz"},"content":{"rendered":"<p><strong>Alejandro \u00c1vila<\/strong><\/p>\n<p>Veracruz, Ver.- Asociaciones Civiles de la zona conurbada hicieron entrega de los donativos de juguetes y dulces que les fueron entregados en d\u00edas pasados para conmemorar el D\u00eda del Ni\u00f1o.<\/p>\n<p>El pasado 29 de abril, organizaciones apoyaron con bolsitas de dulces para el festejo que realiz\u00f3 el Centro de Rehabilitaci\u00f3n Infantil de Veracruz (CRIVER); en el municipio de Boca del R\u00edo.<\/p>\n<p>La ma\u00f1ana del 30 de abril acudieron al Centro de Educaci\u00f3n e Integraci\u00f3n Social Down (CEISD), a cargo de la presidente Psic. Ana Karen Rodr\u00edguez Uscanga, que atiende a personas con s\u00edndrome de dawn, autismo e incapacidad intelectual; en el municipio de Veracruz.<\/p>\n<p>Ese mismo d\u00eda en la tarde, organizaron un festejo en la localidad de El Huasimal, en el municipio de Medell\u00edn de Bravo.<\/p>\n<p>En estas actividades participaron: Cuerpo Diplom\u00e1tico Mundial de Paz; Boinas Azules; Capellan\u00eda Armada Mundial de Paz; Red Nacional en Memoria y Lucha de Periodistas y Defensores de Derechos Humanos A.C.; SIDECOP; Abogadas en Proceso; Montalvo &amp; Asociados; Te Apoyo Veracruz A.C.; Viveros y sistemas de riegos de la Cruz; Un Mundo Unido para Ayudar; y Promotores Culturales de Papantla.<\/p>\n","protected":false},"excerpt":{"rendered":"<p>Alejandro \u00c1vila Veracruz, Ver.- Asociaciones Civiles de la zona conurbada hicieron entrega de los donativos de juguetes y dulces que les fueron entregados en d\u00edas pasados para conmemorar el D\u00eda del Ni\u00f1o. El pasado 29 de abril, organizaciones apoyaron con bolsitas de dulces para el festejo que realiz\u00f3 el Centro de Rehabilitaci\u00f3n Infantil de Veracruz [&hellip;]<\/p>\n","protected":false},"author":2476,"featured_media":66589,"comment_status":"open","ping_status":"open","sticky":false,"template":"","format":"standard","meta":{"_jetpack_memberships_contains_paid_content":false,"footnotes":""},"categories":[2],"tags":[],"class_list":["post-66588","post","type-post","status-publish","format-standard","has-post-thumbnail","hentry","category-estado"],"jetpack_featured_media_url":"https:\/\/encuentroinformativo.com.mx\/wp-content\/uploads\/2025\/05\/IMG-20250502-WA0053.jpg","jetpack_sharing_enabled":true,"jetpack_likes_enabled":true,"amp_enabled":true,"_links":{"self":[{"href":"https:\/\/encuentroinformativo.com.mx\/index.php?rest_route=\/wp\/v2\/posts\/66588","targetHints":{"allow":["GET"]}}],"collection":[{"href":"https:\/\/encuentroinformativo.com.mx\/index.php?rest_route=\/wp\/v2\/posts"}],"about":[{"href":"https:\/\/encuentroinformativo.com.mx\/index.php?rest_route=\/wp\/v2\/types\/post"}],"author":[{"embeddable":true,"href":"https:\/\/encuentroinformativo.com.mx\/index.php?rest_route=\/wp\/v2\/users\/2476"}],"replies":[{"embeddable":true,"href":"https:\/\/encuentroinformativo.com.mx\/index.php?rest_route=%2Fwp%2Fv2%2Fcomments&post=66588"}],"version-history":[{"count":1,"href":"https:\/\/encuentroinformativo.com.mx\/index.php?rest_route=\/wp\/v2\/posts\/66588\/revisions"}],"predecessor-version":[{"id":66590,"href":"https:\/\/encuentroinformativo.com.mx\/index.php?rest_route=\/wp\/v2\/posts\/66588\/revisions\/66590"}],"wp:featuredmedia":[{"embeddable":true,"href":"https:\/\/encuentroinformativo.com.mx\/index.php?rest_route=\/wp\/v2\/media\/66589"}],"wp:attachment":[{"href":"https:\/\/encuentroinformativo.com.mx\/index.php?rest_route=%2Fwp%2Fv2%2Fmedia&parent=66588"}],"wp:term":[{"taxonomy":"category","embeddable":true,"href":"https:\/\/encuentroinformativo.com.mx\/index.php?rest_route=%2Fwp%2Fv2%2Fcategories&post=66588"},{"taxonomy":"post_tag","embeddable":true,"href":"https:\/\/encuentroinformativo.com.mx\/index.php?rest_route=%2Fwp%2Fv2%2Ftags&post=66588"}],"curies":[{"name":"wp","href":"https:\/\/api.w.org\/{rel}","templated":true}]}}