{"id":66591,"date":"2025-05-02T11:33:36","date_gmt":"2025-05-02T17:33:36","guid":{"rendered":"https:\/\/encuentroinformativo.com.mx\/?p=66591"},"modified":"2025-05-02T11:33:36","modified_gmt":"2025-05-02T17:33:36","slug":"atencion-prioritaria-al-canal-de-agua-para-evitar-inundaciones-samuel-acosta","status":"publish","type":"post","link":"https:\/\/encuentroinformativo.com.mx\/?p=66591","title":{"rendered":"Atenci\u00f3n prioritaria al Canal de Agua para evitar inundaciones: Samuel Acosta"},"content":{"rendered":"<p><strong>Alejandro \u00c1vila<\/strong><\/p>\n<p>Medell\u00edn de Bravo, Ver.- Samuel Acosta, candidato a la alcald\u00eda por la coalici\u00f3n Morena\u2013PVEM, contin\u00faa recorriendo las distintas localidades del municipio, escuchando a las y los ciudadanos, y sumando m\u00e1s voluntades a su proyecto de cambio.<\/p>\n<p>El abanderado de la coalici\u00f3n visit\u00f3 tres puntos clave del municipio: Paso del Toro, El Tejar y Lagos de Puente Moreno, donde sostuvo encuentros directos con vecinas y vecinos, a quienes escuch\u00f3 atentamente sobre las principales problem\u00e1ticas que enfrentan d\u00eda a d\u00eda.<\/p>\n<p>Durante su visita a Paso del Toro, Samuel Acosta se comprometi\u00f3 a atender de forma prioritaria el canal de aguas que atraviesa a un costado de las v\u00edas del tren. Los habitantes denunciaron que, debido al crecimiento de la maleza, se han generado tapones que impiden el flujo del agua, provocando riesgos de inundaciones y afectaciones a las viviendas cercanas. \u201cVamos a resolver este problema con una intervenci\u00f3n responsable y definitiva.<\/p>\n<p>A lo largo de sus recorridos, el candidato ha insistido en que su gobierno ser\u00e1 cercano a la gente, honesto y con soluciones reales. Tambi\u00e9n ha dado a conocer sus propuestas en materia de servicios p\u00fablicos, desarrollo urbano, seguridad y recuperaci\u00f3n del tejido social. \u201cEstoy convencido de que el futuro de Medell\u00edn se construye desde abajo, escuchando a la gente, recorriendo las calles, y no desde una oficina con aire acondicionado\u201d, afirm\u00f3.<\/p>\n<p>Samuel Acosta reiter\u00f3 que seguir\u00e1 recorriendo hasta el \u00faltimo rinc\u00f3n de Medell\u00edn durante la campa\u00f1a y tambi\u00e9n lo har\u00e1 como presidente municipal, porque \u201cgobernar no es alejarse del pueblo, sino caminar con \u00e9l todos los d\u00edas\u201d.<\/p>\n","protected":false},"excerpt":{"rendered":"<p>Alejandro \u00c1vila Medell\u00edn de Bravo, Ver.- Samuel Acosta, candidato a la alcald\u00eda por la coalici\u00f3n Morena\u2013PVEM, contin\u00faa recorriendo las distintas localidades del municipio, escuchando a las y los ciudadanos, y sumando m\u00e1s voluntades a su proyecto de cambio. El abanderado de la coalici\u00f3n visit\u00f3 tres puntos clave del municipio: Paso del Toro, El Tejar y [&hellip;]<\/p>\n","protected":false},"author":2476,"featured_media":66592,"comment_status":"open","ping_status":"open","sticky":false,"template":"","format":"standard","meta":{"_jetpack_memberships_contains_paid_content":false,"footnotes":""},"categories":[2],"tags":[],"class_list":["post-66591","post","type-post","status-publish","format-standard","has-post-thumbnail","hentry","category-estado"],"jetpack_featured_media_url":"https:\/\/encuentroinformativo.com.mx\/wp-content\/uploads\/2025\/05\/IMG-20250502-WA00622.jpg","jetpack_sharing_enabled":true,"jetpack_likes_enabled":true,"amp_enabled":true,"_links":{"self":[{"href":"https:\/\/encuentroinformativo.com.mx\/index.php?rest_route=\/wp\/v2\/posts\/66591","targetHints":{"allow":["GET"]}}],"collection":[{"href":"https:\/\/encuentroinformativo.com.mx\/index.php?rest_route=\/wp\/v2\/posts"}],"about":[{"href":"https:\/\/encuentroinformativo.com.mx\/index.php?rest_route=\/wp\/v2\/types\/post"}],"author":[{"embeddable":true,"href":"https:\/\/encuentroinformativo.com.mx\/index.php?rest_route=\/wp\/v2\/users\/2476"}],"replies":[{"embeddable":true,"href":"https:\/\/encuentroinformativo.com.mx\/index.php?rest_route=%2Fwp%2Fv2%2Fcomments&post=66591"}],"version-history":[{"count":1,"href":"https:\/\/encuentroinformativo.com.mx\/index.php?rest_route=\/wp\/v2\/posts\/66591\/revisions"}],"predecessor-version":[{"id":66593,"href":"https:\/\/encuentroinformativo.com.mx\/index.php?rest_route=\/wp\/v2\/posts\/66591\/revisions\/66593"}],"wp:featuredmedia":[{"embeddable":true,"href":"https:\/\/encuentroinformativo.com.mx\/index.php?rest_route=\/wp\/v2\/media\/66592"}],"wp:attachment":[{"href":"https:\/\/encuentroinformativo.com.mx\/index.php?rest_route=%2Fwp%2Fv2%2Fmedia&parent=66591"}],"wp:term":[{"taxonomy":"category","embeddable":true,"href":"https:\/\/encuentroinformativo.com.mx\/index.php?rest_route=%2Fwp%2Fv2%2Fcategories&post=66591"},{"taxonomy":"post_tag","embeddable":true,"href":"https:\/\/encuentroinformativo.com.mx\/index.php?rest_route=%2Fwp%2Fv2%2Ftags&post=66591"}],"curies":[{"name":"wp","href":"https:\/\/api.w.org\/{rel}","templated":true}]}}