{"id":66620,"date":"2025-05-02T15:02:58","date_gmt":"2025-05-02T21:02:58","guid":{"rendered":"https:\/\/encuentroinformativo.com.mx\/?p=66620"},"modified":"2025-05-02T15:02:58","modified_gmt":"2025-05-02T21:02:58","slug":"obtiene-fgr-sentencia-de-18-anos-de-prision-contra-traficante-de-migrantes-en-veracruz","status":"publish","type":"post","link":"https:\/\/encuentroinformativo.com.mx\/?p=66620","title":{"rendered":"Obtiene FGR sentencia de 18 a\u00f1os de prisi\u00f3n contra traficante de migrantes en Veracruz"},"content":{"rendered":"<p><strong>Jos\u00e9 Vargas<\/strong><\/p>\n<p>Veracruz, Ver.- La Fiscal\u00eda General de la Rep\u00fablica (FGR), a trav\u00e9s de la Fiscal\u00eda Especializada de Control Regional (FECOR), Delegaci\u00f3n Veracruz, obtuvo una sentencia condenatoria de 18 a\u00f1os de prisi\u00f3n contra Adri\u00e1n \u201cG\u201d por su responsabilidad penal en el delito de transporte ilegal de personas migrantes con fines de lucro, agravado por involucrar a ni\u00f1as, ni\u00f1os y adolescentes.<\/p>\n<p>La resoluci\u00f3n se logr\u00f3 en juicio oral luego de que el Ministerio P\u00fablico Federal (MPF) acreditara con pruebas contundentes la participaci\u00f3n del acusado en los hechos ocurridos en julio de 2021, cuando fue detenido por elementos de la Agencia de Investigaci\u00f3n Criminal (AIC) mientras transportaba de forma clandestina a 189 migrantes en condiciones de hacinamiento y alto riesgo dentro de la caja seca de un tractocami\u00f3n con placas del Servicio P\u00fablico Federal.<\/p>\n<p>El aseguramiento tuvo lugar en el tramo carretero Choapas-Ocozocoautla, a la altura del kil\u00f3metro 45+500, en una zona de tr\u00e1nsito frecuente de personas migrantes que buscan llegar al norte del pa\u00eds. En el operativo, se identific\u00f3 que del total de personas rescatadas, 114 eran menores de edad y 75 adultos; 185 eran de nacionalidad guatemalteca y cuatro originarios de Honduras. Ninguno pudo acreditar su legal estancia en territorio mexicano, lo que confirm\u00f3 el car\u00e1cter il\u00edcito del traslado.<\/p>\n<p>Las condiciones en las que se encontraron a los migrantes -con escasa ventilaci\u00f3n, sin acceso a agua ni alimentos, y sin medidas de seguridad m\u00ednimas- evidenciaron un grave riesgo para su integridad f\u00edsica y emocional, particularmente en el caso de los menores de edad, lo que agrav\u00f3 la conducta delictiva.<\/p>\n<p>El MPF present\u00f3 evidencia documental, pericial y testimonial que demostr\u00f3 que Adri\u00e1n \u201cG\u201d operaba con la finalidad de obtener un beneficio econ\u00f3mico mediante el tr\u00e1fico de personas, al margen de la ley y con desprecio por los derechos humanos de las v\u00edctimas.<\/p>\n<p>Tras valorar los elementos probatorios, el Juez de Control dict\u00f3 una sentencia de 18 a\u00f1os de prisi\u00f3n, adem\u00e1s de una multa econ\u00f3mica equivalente a 15 mil Unidades de Medida y Actualizaci\u00f3n (UMAS), lo que representa una sanci\u00f3n superior a 1.5 millones de pesos. Tambi\u00e9n se decret\u00f3 la suspensi\u00f3n de sus derechos civiles y pol\u00edticos por el tiempo que dure su condena.<\/p>\n<p>La Fiscal\u00eda General de la Rep\u00fablica reafirma su compromiso con el combate al tr\u00e1fico de personas, una de las manifestaciones m\u00e1s graves del crimen organizado transnacional, y continuar\u00e1 actuando con firmeza para castigar a quienes lucran con la vulnerabilidad de los migrantes, en particular cuando se trata de ni\u00f1as, ni\u00f1os y adolescentes.<\/p>\n","protected":false},"excerpt":{"rendered":"<p>Jos\u00e9 Vargas Veracruz, Ver.- La Fiscal\u00eda General de la Rep\u00fablica (FGR), a trav\u00e9s de la Fiscal\u00eda Especializada de Control Regional (FECOR), Delegaci\u00f3n Veracruz, obtuvo una sentencia condenatoria de 18 a\u00f1os de prisi\u00f3n contra Adri\u00e1n \u201cG\u201d por su responsabilidad penal en el delito de transporte ilegal de personas migrantes con fines de lucro, agravado por involucrar [&hellip;]<\/p>\n","protected":false},"author":2476,"featured_media":66621,"comment_status":"open","ping_status":"open","sticky":false,"template":"","format":"standard","meta":{"_jetpack_memberships_contains_paid_content":false,"footnotes":""},"categories":[14],"tags":[],"class_list":["post-66620","post","type-post","status-publish","format-standard","has-post-thumbnail","hentry","category-policiaca"],"jetpack_featured_media_url":"https:\/\/encuentroinformativo.com.mx\/wp-content\/uploads\/2025\/05\/IMG-20250502-WA0074.jpg","jetpack_sharing_enabled":true,"jetpack_likes_enabled":true,"amp_enabled":true,"_links":{"self":[{"href":"https:\/\/encuentroinformativo.com.mx\/index.php?rest_route=\/wp\/v2\/posts\/66620","targetHints":{"allow":["GET"]}}],"collection":[{"href":"https:\/\/encuentroinformativo.com.mx\/index.php?rest_route=\/wp\/v2\/posts"}],"about":[{"href":"https:\/\/encuentroinformativo.com.mx\/index.php?rest_route=\/wp\/v2\/types\/post"}],"author":[{"embeddable":true,"href":"https:\/\/encuentroinformativo.com.mx\/index.php?rest_route=\/wp\/v2\/users\/2476"}],"replies":[{"embeddable":true,"href":"https:\/\/encuentroinformativo.com.mx\/index.php?rest_route=%2Fwp%2Fv2%2Fcomments&post=66620"}],"version-history":[{"count":1,"href":"https:\/\/encuentroinformativo.com.mx\/index.php?rest_route=\/wp\/v2\/posts\/66620\/revisions"}],"predecessor-version":[{"id":66622,"href":"https:\/\/encuentroinformativo.com.mx\/index.php?rest_route=\/wp\/v2\/posts\/66620\/revisions\/66622"}],"wp:featuredmedia":[{"embeddable":true,"href":"https:\/\/encuentroinformativo.com.mx\/index.php?rest_route=\/wp\/v2\/media\/66621"}],"wp:attachment":[{"href":"https:\/\/encuentroinformativo.com.mx\/index.php?rest_route=%2Fwp%2Fv2%2Fmedia&parent=66620"}],"wp:term":[{"taxonomy":"category","embeddable":true,"href":"https:\/\/encuentroinformativo.com.mx\/index.php?rest_route=%2Fwp%2Fv2%2Fcategories&post=66620"},{"taxonomy":"post_tag","embeddable":true,"href":"https:\/\/encuentroinformativo.com.mx\/index.php?rest_route=%2Fwp%2Fv2%2Ftags&post=66620"}],"curies":[{"name":"wp","href":"https:\/\/api.w.org\/{rel}","templated":true}]}}