{"id":66623,"date":"2025-05-02T20:38:36","date_gmt":"2025-05-03T02:38:36","guid":{"rendered":"https:\/\/encuentroinformativo.com.mx\/?p=66623"},"modified":"2025-05-02T20:38:36","modified_gmt":"2025-05-03T02:38:36","slug":"el-bulevar-de-veracruz-se-pinta-de-naranja-con-maynez","status":"publish","type":"post","link":"https:\/\/encuentroinformativo.com.mx\/?p=66623","title":{"rendered":"El bulevar de Veracruz se pinta de naranja con M\u00e1ynez"},"content":{"rendered":"<p><strong>Alejandro \u00c1vila<\/strong><\/p>\n<p>Veracruz, Ver.- La Fuerza Naranja irrumpi\u00f3 en la zona conurbada Veracruz &#8211; Boca del R\u00edo la tarde de este viernes con la presencia del coordinador nacional de Movimiento Ciudadano, Jorge \u00c1lvarez M\u00e1ynez.<\/p>\n<p>Cientos de simpatizantes pintaron de naranja el bulevar &#8220;Manuel \u00c1vila Camacho&#8221; donde se unen los municipios de Veracruz y Boca del R\u00edo; dicho evento fue encabezado por los candidatos a las alcald\u00edas de Veracruz y Boca del R\u00edo, &#8220;La Capitana&#8221; Belem Palmeros Exsome y, Ra\u00fal Zarrabal Ferat, respectivamente.<\/p>\n<p>Las nuevas generaciones distinguen al partido Movimiento Ciudadano, pues varios j\u00f3venes y ni\u00f1os se acercaron a la concentraci\u00f3n naranja y se dijeron simpatizantes de la &#8220;Evoluci\u00f3n Mexicana&#8221;.<\/p>\n<p>Durante casi 3 horas en el crucero de bulevar y Mart\u00ed, la familia naranja coloc\u00f3 publicidad de sus respectivos candidatos; acompa\u00f1aron este fest\u00edn el diputado federal Sergio Gil Rull\u00e1n y, el presidente de MC en Veracruz, Luis Carbonell de la Hoz.<\/p>\n","protected":false},"excerpt":{"rendered":"<p>Alejandro \u00c1vila Veracruz, Ver.- La Fuerza Naranja irrumpi\u00f3 en la zona conurbada Veracruz &#8211; Boca del R\u00edo la tarde de este viernes con la presencia del coordinador nacional de Movimiento Ciudadano, Jorge \u00c1lvarez M\u00e1ynez. Cientos de simpatizantes pintaron de naranja el bulevar &#8220;Manuel \u00c1vila Camacho&#8221; donde se unen los municipios de Veracruz y Boca del [&hellip;]<\/p>\n","protected":false},"author":2476,"featured_media":66624,"comment_status":"open","ping_status":"open","sticky":false,"template":"","format":"standard","meta":{"_jetpack_memberships_contains_paid_content":false,"footnotes":""},"categories":[2],"tags":[],"class_list":["post-66623","post","type-post","status-publish","format-standard","has-post-thumbnail","hentry","category-estado"],"jetpack_featured_media_url":"https:\/\/encuentroinformativo.com.mx\/wp-content\/uploads\/2025\/05\/IMG-20250502-WA0356.jpg","jetpack_sharing_enabled":true,"jetpack_likes_enabled":true,"amp_enabled":true,"_links":{"self":[{"href":"https:\/\/encuentroinformativo.com.mx\/index.php?rest_route=\/wp\/v2\/posts\/66623","targetHints":{"allow":["GET"]}}],"collection":[{"href":"https:\/\/encuentroinformativo.com.mx\/index.php?rest_route=\/wp\/v2\/posts"}],"about":[{"href":"https:\/\/encuentroinformativo.com.mx\/index.php?rest_route=\/wp\/v2\/types\/post"}],"author":[{"embeddable":true,"href":"https:\/\/encuentroinformativo.com.mx\/index.php?rest_route=\/wp\/v2\/users\/2476"}],"replies":[{"embeddable":true,"href":"https:\/\/encuentroinformativo.com.mx\/index.php?rest_route=%2Fwp%2Fv2%2Fcomments&post=66623"}],"version-history":[{"count":1,"href":"https:\/\/encuentroinformativo.com.mx\/index.php?rest_route=\/wp\/v2\/posts\/66623\/revisions"}],"predecessor-version":[{"id":66625,"href":"https:\/\/encuentroinformativo.com.mx\/index.php?rest_route=\/wp\/v2\/posts\/66623\/revisions\/66625"}],"wp:featuredmedia":[{"embeddable":true,"href":"https:\/\/encuentroinformativo.com.mx\/index.php?rest_route=\/wp\/v2\/media\/66624"}],"wp:attachment":[{"href":"https:\/\/encuentroinformativo.com.mx\/index.php?rest_route=%2Fwp%2Fv2%2Fmedia&parent=66623"}],"wp:term":[{"taxonomy":"category","embeddable":true,"href":"https:\/\/encuentroinformativo.com.mx\/index.php?rest_route=%2Fwp%2Fv2%2Fcategories&post=66623"},{"taxonomy":"post_tag","embeddable":true,"href":"https:\/\/encuentroinformativo.com.mx\/index.php?rest_route=%2Fwp%2Fv2%2Ftags&post=66623"}],"curies":[{"name":"wp","href":"https:\/\/api.w.org\/{rel}","templated":true}]}}