{"id":66626,"date":"2025-05-02T20:43:01","date_gmt":"2025-05-03T02:43:01","guid":{"rendered":"https:\/\/encuentroinformativo.com.mx\/?p=66626"},"modified":"2025-05-02T20:43:01","modified_gmt":"2025-05-03T02:43:01","slug":"veracruz-agudiza-la-inseguridad-en-ciertas-regiones-maynez","status":"publish","type":"post","link":"https:\/\/encuentroinformativo.com.mx\/?p=66626","title":{"rendered":"Veracruz agudiza la inseguridad en ciertas regiones: M\u00e1ynez"},"content":{"rendered":"<p><strong>Alejandro \u00c1vila<\/strong><\/p>\n<p>Veracruz, Ver.- La ola de violencia que se vive en la entidad veracruzana, misma que ha alcanzado a los candidatos a las alcald\u00edas en este proceso electoral se debe a que en ciertas zonas del Estado se agudiza la inseguridad, se\u00f1al\u00f3 el coordinador nacional de Movimiento Ciudadano, Jorge \u00c1lvarez M\u00e1ynez.<\/p>\n<p>&#8220;No se trata tanto de los candidatos sino de las regiones del estado de Veracruz, en este tipo de estados que son multidiversos, regionales, es muy complicado el tema de seguridad porque las capacidades funcionales de los municipios es peque\u00f1a y porque la capacidad que ha tenido el crimen organizado de expandirse en el territorio es muy amplia&#8221;, expres\u00f3.<\/p>\n<p>En ese sentido, \u00c1lvarez M\u00e1ynez dijo que el hecho de que solo algunos candidatos denuncien intimidaci\u00f3n o inseguridad no quiere decir que el resto de los aspirantes de cualquier partido pol\u00edtico no la vivan.<\/p>\n<p>&#8220;Por qu\u00e9 mataron a un candidato, porque todos los d\u00edas matan a miles de personas, matan a candidatos, matan a tortilleros, matan a restauranteros, matan a pescadores, los pol\u00edticos somos parte de la sociedad y en la medida que el asunto no se corrija vamos a seguir sufriendo ese tema&#8221;, subray\u00f3.<\/p>\n<p>Sobre los candidatos que se han bajado de la contienda por presuntas presiones del Gobierno de Veracruz a trav\u00e9s de la Fiscal\u00eda, Jorge \u00c1lvarez dijo que en ning\u00fan proceso electoral se estar\u00e1 exento de la presi\u00f3n que el gobierno hace contra sus rivales pol\u00edticos.<\/p>\n<p>&#8220;Nosotros estamos muy contentos con nuestros candidatos, nunca se est\u00e1 exento de la presi\u00f3n del Gobierno del Estado del Gobierno Federal, pero yo siempre he dicho tambi\u00e9n que el que se vende tiene precio nunca hay que justificar cuanto alguien se dobla ante poder, porque todos sabemos tambi\u00e9n a lo que nos exponemos y en lo que estamos&#8221;, culmin\u00f3.<\/p>\n","protected":false},"excerpt":{"rendered":"<p>Alejandro \u00c1vila Veracruz, Ver.- La ola de violencia que se vive en la entidad veracruzana, misma que ha alcanzado a los candidatos a las alcald\u00edas en este proceso electoral se debe a que en ciertas zonas del Estado se agudiza la inseguridad, se\u00f1al\u00f3 el coordinador nacional de Movimiento Ciudadano, Jorge \u00c1lvarez M\u00e1ynez. &#8220;No se trata [&hellip;]<\/p>\n","protected":false},"author":2476,"featured_media":66627,"comment_status":"open","ping_status":"open","sticky":false,"template":"","format":"standard","meta":{"_jetpack_memberships_contains_paid_content":false,"footnotes":""},"categories":[2],"tags":[],"class_list":["post-66626","post","type-post","status-publish","format-standard","has-post-thumbnail","hentry","category-estado"],"jetpack_featured_media_url":"https:\/\/encuentroinformativo.com.mx\/wp-content\/uploads\/2025\/05\/IMG-20250502-WA0364.jpg","jetpack_sharing_enabled":true,"jetpack_likes_enabled":true,"amp_enabled":true,"_links":{"self":[{"href":"https:\/\/encuentroinformativo.com.mx\/index.php?rest_route=\/wp\/v2\/posts\/66626","targetHints":{"allow":["GET"]}}],"collection":[{"href":"https:\/\/encuentroinformativo.com.mx\/index.php?rest_route=\/wp\/v2\/posts"}],"about":[{"href":"https:\/\/encuentroinformativo.com.mx\/index.php?rest_route=\/wp\/v2\/types\/post"}],"author":[{"embeddable":true,"href":"https:\/\/encuentroinformativo.com.mx\/index.php?rest_route=\/wp\/v2\/users\/2476"}],"replies":[{"embeddable":true,"href":"https:\/\/encuentroinformativo.com.mx\/index.php?rest_route=%2Fwp%2Fv2%2Fcomments&post=66626"}],"version-history":[{"count":1,"href":"https:\/\/encuentroinformativo.com.mx\/index.php?rest_route=\/wp\/v2\/posts\/66626\/revisions"}],"predecessor-version":[{"id":66628,"href":"https:\/\/encuentroinformativo.com.mx\/index.php?rest_route=\/wp\/v2\/posts\/66626\/revisions\/66628"}],"wp:featuredmedia":[{"embeddable":true,"href":"https:\/\/encuentroinformativo.com.mx\/index.php?rest_route=\/wp\/v2\/media\/66627"}],"wp:attachment":[{"href":"https:\/\/encuentroinformativo.com.mx\/index.php?rest_route=%2Fwp%2Fv2%2Fmedia&parent=66626"}],"wp:term":[{"taxonomy":"category","embeddable":true,"href":"https:\/\/encuentroinformativo.com.mx\/index.php?rest_route=%2Fwp%2Fv2%2Fcategories&post=66626"},{"taxonomy":"post_tag","embeddable":true,"href":"https:\/\/encuentroinformativo.com.mx\/index.php?rest_route=%2Fwp%2Fv2%2Ftags&post=66626"}],"curies":[{"name":"wp","href":"https:\/\/api.w.org\/{rel}","templated":true}]}}