{"id":66633,"date":"2025-05-02T22:15:25","date_gmt":"2025-05-03T04:15:25","guid":{"rendered":"https:\/\/encuentroinformativo.com.mx\/?p=66633"},"modified":"2025-05-02T22:15:25","modified_gmt":"2025-05-03T04:15:25","slug":"fallecio-el-exgobernador-fidel-herrera-beltran","status":"publish","type":"post","link":"https:\/\/encuentroinformativo.com.mx\/?p=66633","title":{"rendered":"Falleci\u00f3 el exgobernador Fidel Herrera Beltr\u00e1n"},"content":{"rendered":"<p><strong>Redacci\u00f3n<\/strong><\/p>\n<p>Xalapa, Ver.- La tarde de este viernes se dio a conocer el fallecimiento del exgobernador Fidel Herrera Beltr\u00e1n.<\/p>\n<p>A trav\u00e9s de redes sociales el diputado federal, Javier Herrera Borunda inform\u00f3: &#8220;Hace unas horas, mi padre entr\u00f3 en el sue\u00f1o de la eternidad, y vaya que ser\u00e1 eterno. Fue un ejemplo de lucha incansable, liderazgo \u00edntegro y amor profundo. Toc\u00f3 incontables vidas con su presencia y su palabra. Padre y esposo excepcional, acad\u00e9mico brillante y jurista de altura. Pero, sobre todo, un ser humano generoso en toda la extensi\u00f3n de la palabra.<\/p>\n<p>Su luz no se apaga: seguir\u00e1 siendo faro que ilumine este mundo.<\/p>\n<p>Gracias por tanto, siempre. Descansa y vive eternamente en la plenitud. Se que ya est\u00e1s con mi Mami de la mano por la eternidad&#8221;.<\/p>\n<p>Sin dar a conocer las causas del deceso del exmandatario veracruzano, se inform\u00f3 tambi\u00e9n que este s\u00e1bado realizar\u00e1n ceremonias privadas para los familiares m\u00e1s cercanos, por lo que agradeci\u00f3 las muestras de cari\u00f1o que han expresado autoridades y pueblo de Veracruz.<\/p>\n<p>Fidel Herrera fue gobernador de Veracruz en el periodo 2004-2010, se caracteriz\u00f3 por su estilo peculiar, pues lo mismo viajaba en taxis, que se met\u00eda al agua en inundaciones, gan\u00e1ndose el mote del &#8220;T\u00edo Fide&#8221;.<\/p>\n","protected":false},"excerpt":{"rendered":"<p>Redacci\u00f3n Xalapa, Ver.- La tarde de este viernes se dio a conocer el fallecimiento del exgobernador Fidel Herrera Beltr\u00e1n. A trav\u00e9s de redes sociales el diputado federal, Javier Herrera Borunda inform\u00f3: &#8220;Hace unas horas, mi padre entr\u00f3 en el sue\u00f1o de la eternidad, y vaya que ser\u00e1 eterno. Fue un ejemplo de lucha incansable, liderazgo [&hellip;]<\/p>\n","protected":false},"author":2476,"featured_media":66634,"comment_status":"open","ping_status":"open","sticky":false,"template":"","format":"standard","meta":{"_jetpack_memberships_contains_paid_content":false,"footnotes":""},"categories":[2],"tags":[],"class_list":["post-66633","post","type-post","status-publish","format-standard","has-post-thumbnail","hentry","category-estado"],"jetpack_featured_media_url":"https:\/\/encuentroinformativo.com.mx\/wp-content\/uploads\/2025\/05\/FB_IMG_1746245039245.jpg","jetpack_sharing_enabled":true,"jetpack_likes_enabled":true,"amp_enabled":true,"_links":{"self":[{"href":"https:\/\/encuentroinformativo.com.mx\/index.php?rest_route=\/wp\/v2\/posts\/66633","targetHints":{"allow":["GET"]}}],"collection":[{"href":"https:\/\/encuentroinformativo.com.mx\/index.php?rest_route=\/wp\/v2\/posts"}],"about":[{"href":"https:\/\/encuentroinformativo.com.mx\/index.php?rest_route=\/wp\/v2\/types\/post"}],"author":[{"embeddable":true,"href":"https:\/\/encuentroinformativo.com.mx\/index.php?rest_route=\/wp\/v2\/users\/2476"}],"replies":[{"embeddable":true,"href":"https:\/\/encuentroinformativo.com.mx\/index.php?rest_route=%2Fwp%2Fv2%2Fcomments&post=66633"}],"version-history":[{"count":1,"href":"https:\/\/encuentroinformativo.com.mx\/index.php?rest_route=\/wp\/v2\/posts\/66633\/revisions"}],"predecessor-version":[{"id":66635,"href":"https:\/\/encuentroinformativo.com.mx\/index.php?rest_route=\/wp\/v2\/posts\/66633\/revisions\/66635"}],"wp:featuredmedia":[{"embeddable":true,"href":"https:\/\/encuentroinformativo.com.mx\/index.php?rest_route=\/wp\/v2\/media\/66634"}],"wp:attachment":[{"href":"https:\/\/encuentroinformativo.com.mx\/index.php?rest_route=%2Fwp%2Fv2%2Fmedia&parent=66633"}],"wp:term":[{"taxonomy":"category","embeddable":true,"href":"https:\/\/encuentroinformativo.com.mx\/index.php?rest_route=%2Fwp%2Fv2%2Fcategories&post=66633"},{"taxonomy":"post_tag","embeddable":true,"href":"https:\/\/encuentroinformativo.com.mx\/index.php?rest_route=%2Fwp%2Fv2%2Ftags&post=66633"}],"curies":[{"name":"wp","href":"https:\/\/api.w.org\/{rel}","templated":true}]}}