{"id":6665,"date":"2020-10-08T13:00:04","date_gmt":"2020-10-08T18:00:04","guid":{"rendered":"https:\/\/encuentroinformativo.com.mx\/?p=6665"},"modified":"2020-10-08T13:00:06","modified_gmt":"2020-10-08T18:00:06","slug":"sin-confirmarse-reapertura-de-panteones","status":"publish","type":"post","link":"https:\/\/encuentroinformativo.com.mx\/?p=6665","title":{"rendered":"Sin confirmarse reapertura de panteones"},"content":{"rendered":"\n<p><strong>Juan Arcos <\/strong><\/p>\n\n\n\n<p>Xalapa, Ver.- A\u00fan no hay certeza sobre la apertura de los panteones de Xalapa, debido a que contin\u00faan los contagios de SARS-COV-2 (COVID-19).<\/p>\n\n\n\n<p>As\u00ed lo consider\u00f3 Jos\u00e9 Luis \u00c1vila Delgado, encargado del Pante\u00f3n Xalape\u00f1o, quien a\u00f1adi\u00f3 que esperaban su reapertura para los festejos del D\u00eda de Muertos o Todos Santos, durante los primeros d\u00edas de noviembre.<\/p>\n\n\n\n<p>El entrevistado coment\u00f3 que la reapertura de los cementerios depender\u00e1 del sem\u00e1foro epidemiol\u00f3gico en el que se encuentre la capital del estado.<\/p>\n\n\n\n<p>En este momento, la ciudad se encuentra en sem\u00e1foro naranja, de riesgo alto de contagio, con 2 mil 211 casos positivos, 272 defunciones y 205 en investigaci\u00f3n.<\/p>\n\n\n\n<p>&#8220;De momento, es lo que nos marca la norma, que es \u00fanica y exclusivamente las funciones b\u00e1sicas como la de sepultar&#8221;, expres\u00f3.<\/p>\n\n\n\n<p>Hasta este momento, s\u00f3lo se permite el acceso a diez personas que acuden a un sepelio de un familiar o conocido.\u00a0<\/p>\n\n\n\n<p>Adem\u00e1s, en cuanto a los tr\u00e1mites, s\u00f3lo pueden ingresar dos personas con cubrebocas, garantizando la aplicaci\u00f3n de gel antibacterial y del tapete para la desinfecci\u00f3n del calzado.<\/p>\n\n\n\n<p>\u00c1vila Delgado solicit\u00f3 a la poblaci\u00f3n que sea paciente y acate las medidas sanitarias, para evitar la propagaci\u00f3n de la enfermedad en la ciudad.<\/p>\n","protected":false},"excerpt":{"rendered":"<p>Juan Arcos Xalapa, Ver.- A\u00fan no hay certeza sobre la apertura de los panteones de Xalapa, debido a que contin\u00faan los contagios de SARS-COV-2 (COVID-19). As\u00ed lo consider\u00f3 Jos\u00e9 Luis \u00c1vila Delgado, encargado del Pante\u00f3n Xalape\u00f1o, quien a\u00f1adi\u00f3 que esperaban su reapertura para los festejos del D\u00eda de Muertos o Todos Santos, durante los primeros [&hellip;]<\/p>\n","protected":false},"author":1,"featured_media":6666,"comment_status":"open","ping_status":"open","sticky":false,"template":"","format":"standard","meta":{"_jetpack_memberships_contains_paid_content":false,"footnotes":""},"categories":[3],"tags":[],"class_list":["post-6665","post","type-post","status-publish","format-standard","has-post-thumbnail","hentry","category-xalapa"],"jetpack_featured_media_url":"https:\/\/encuentroinformativo.com.mx\/wp-content\/uploads\/2020\/10\/409359A8-D197-410B-B03C-C8191EA59D1A.jpeg","jetpack_sharing_enabled":true,"jetpack_likes_enabled":true,"amp_enabled":true,"_links":{"self":[{"href":"https:\/\/encuentroinformativo.com.mx\/index.php?rest_route=\/wp\/v2\/posts\/6665","targetHints":{"allow":["GET"]}}],"collection":[{"href":"https:\/\/encuentroinformativo.com.mx\/index.php?rest_route=\/wp\/v2\/posts"}],"about":[{"href":"https:\/\/encuentroinformativo.com.mx\/index.php?rest_route=\/wp\/v2\/types\/post"}],"author":[{"embeddable":true,"href":"https:\/\/encuentroinformativo.com.mx\/index.php?rest_route=\/wp\/v2\/users\/1"}],"replies":[{"embeddable":true,"href":"https:\/\/encuentroinformativo.com.mx\/index.php?rest_route=%2Fwp%2Fv2%2Fcomments&post=6665"}],"version-history":[{"count":1,"href":"https:\/\/encuentroinformativo.com.mx\/index.php?rest_route=\/wp\/v2\/posts\/6665\/revisions"}],"predecessor-version":[{"id":6667,"href":"https:\/\/encuentroinformativo.com.mx\/index.php?rest_route=\/wp\/v2\/posts\/6665\/revisions\/6667"}],"wp:featuredmedia":[{"embeddable":true,"href":"https:\/\/encuentroinformativo.com.mx\/index.php?rest_route=\/wp\/v2\/media\/6666"}],"wp:attachment":[{"href":"https:\/\/encuentroinformativo.com.mx\/index.php?rest_route=%2Fwp%2Fv2%2Fmedia&parent=6665"}],"wp:term":[{"taxonomy":"category","embeddable":true,"href":"https:\/\/encuentroinformativo.com.mx\/index.php?rest_route=%2Fwp%2Fv2%2Fcategories&post=6665"},{"taxonomy":"post_tag","embeddable":true,"href":"https:\/\/encuentroinformativo.com.mx\/index.php?rest_route=%2Fwp%2Fv2%2Ftags&post=6665"}],"curies":[{"name":"wp","href":"https:\/\/api.w.org\/{rel}","templated":true}]}}