{"id":66654,"date":"2025-05-03T14:01:44","date_gmt":"2025-05-03T20:01:44","guid":{"rendered":"https:\/\/encuentroinformativo.com.mx\/?p=66654"},"modified":"2025-05-03T14:01:44","modified_gmt":"2025-05-03T20:01:44","slug":"respalda-diputado-naveda-reforma-a-jornada-laboral","status":"publish","type":"post","link":"https:\/\/encuentroinformativo.com.mx\/?p=66654","title":{"rendered":"Respalda diputado Naveda reforma a jornada laboral"},"content":{"rendered":"<p><strong>Dar\u00edo Pale<\/strong><\/p>\n<p>Xalapa, Ver.- Concluy\u00f3 el periodo de trabajo del Congreso de la Uni\u00f3n y el diputado federal Adri\u00e1n Gonz\u00e1lez Naveda se pronunci\u00f3 a favor de la reforma a la jornada laboral de 40 horas que propuso la presidenta de M\u00e9xico Claudia Sheinbaum Pardo.<\/p>\n<p>En entrevista se pronunci\u00f3 a favor de la reforma a la jornada laboral de 40 horas, avalada por la presidenta Claudia Sheinbaum Pardo, la cual busca modificar el art\u00edculo 123 de la Constituci\u00f3n, que actualmente permite una jornada m\u00e1xima de 48 horas semanales.<\/p>\n<p>Los principales cambios ser\u00edan, una jornada m\u00e1xima de 40 horas semanales, dos d\u00edas de descanso obligatorios por cada cinco laborados, sin reducci\u00f3n salarial.<\/p>\n<p>El legislador federal por el distrito de Coatepec, dej\u00f3 en claro que dicha propuesta forma parte de uno de los compromisos de la cuarta transformaci\u00f3n con la clase trabajadora.<\/p>\n<p>Por lo que adelant\u00f3 que estar\u00e1 presente en los foros de di\u00e1logo para recoger propuestas y definir el camino hacia la nueva jornada laboral.<\/p>\n<p>En otro tema, Gonz\u00e1lez Naveda, precis\u00f3 que con el cierre del segundo periodo de sesiones, &#8220;podemos acreditar en los hechos que nunca se hab\u00eda trabajado tanto en la C\u00e1mara de Diputados de septiembre del a\u00f1o pasado al d\u00eda de hoy&#8221;.<\/p>\n<p>Destac\u00f3 la aprobaci\u00f3n de 20 reformas constitucionales, para garantizar que el pueblo de M\u00e9xico cuente ahora s\u00ed con un ordenamiento legal jur\u00eddico institucional acorde a sus necesidades.<\/p>\n<p>Finalmente coment\u00f3 que, &#8220;estamos cumpliendo todo lo que dijimos que se iba a hacer. Adem\u00e1s para cerrar con broche de oro, dos iniciativas de trabajo para garantizar que todos los trabajadores de las gasolineras, de los caf\u00e9s, de los restaurantes tengan derecho a un salario por lo menos salario m\u00ednimo y no que se les pague solamente como propinas porque en algunos lugares as\u00ed quieren acreditar la relaci\u00f3n patronal expl\u00edcita en la ley, d\u00f3nde toda persona tendr\u00e1 que recibir por lo menos un salario m\u00ednimo y las propinas son adicionales&#8221;.<\/p>\n","protected":false},"excerpt":{"rendered":"<p>Dar\u00edo Pale Xalapa, Ver.- Concluy\u00f3 el periodo de trabajo del Congreso de la Uni\u00f3n y el diputado federal Adri\u00e1n Gonz\u00e1lez Naveda se pronunci\u00f3 a favor de la reforma a la jornada laboral de 40 horas que propuso la presidenta de M\u00e9xico Claudia Sheinbaum Pardo. En entrevista se pronunci\u00f3 a favor de la reforma a la [&hellip;]<\/p>\n","protected":false},"author":2476,"featured_media":66655,"comment_status":"open","ping_status":"open","sticky":false,"template":"","format":"standard","meta":{"_jetpack_memberships_contains_paid_content":false,"footnotes":""},"categories":[12],"tags":[],"class_list":["post-66654","post","type-post","status-publish","format-standard","has-post-thumbnail","hentry","category-nacional"],"jetpack_featured_media_url":"https:\/\/encuentroinformativo.com.mx\/wp-content\/uploads\/2025\/05\/IMG-20250503-WA0121.jpg","jetpack_sharing_enabled":true,"jetpack_likes_enabled":true,"amp_enabled":true,"_links":{"self":[{"href":"https:\/\/encuentroinformativo.com.mx\/index.php?rest_route=\/wp\/v2\/posts\/66654","targetHints":{"allow":["GET"]}}],"collection":[{"href":"https:\/\/encuentroinformativo.com.mx\/index.php?rest_route=\/wp\/v2\/posts"}],"about":[{"href":"https:\/\/encuentroinformativo.com.mx\/index.php?rest_route=\/wp\/v2\/types\/post"}],"author":[{"embeddable":true,"href":"https:\/\/encuentroinformativo.com.mx\/index.php?rest_route=\/wp\/v2\/users\/2476"}],"replies":[{"embeddable":true,"href":"https:\/\/encuentroinformativo.com.mx\/index.php?rest_route=%2Fwp%2Fv2%2Fcomments&post=66654"}],"version-history":[{"count":1,"href":"https:\/\/encuentroinformativo.com.mx\/index.php?rest_route=\/wp\/v2\/posts\/66654\/revisions"}],"predecessor-version":[{"id":66656,"href":"https:\/\/encuentroinformativo.com.mx\/index.php?rest_route=\/wp\/v2\/posts\/66654\/revisions\/66656"}],"wp:featuredmedia":[{"embeddable":true,"href":"https:\/\/encuentroinformativo.com.mx\/index.php?rest_route=\/wp\/v2\/media\/66655"}],"wp:attachment":[{"href":"https:\/\/encuentroinformativo.com.mx\/index.php?rest_route=%2Fwp%2Fv2%2Fmedia&parent=66654"}],"wp:term":[{"taxonomy":"category","embeddable":true,"href":"https:\/\/encuentroinformativo.com.mx\/index.php?rest_route=%2Fwp%2Fv2%2Fcategories&post=66654"},{"taxonomy":"post_tag","embeddable":true,"href":"https:\/\/encuentroinformativo.com.mx\/index.php?rest_route=%2Fwp%2Fv2%2Ftags&post=66654"}],"curies":[{"name":"wp","href":"https:\/\/api.w.org\/{rel}","templated":true}]}}